{"id":27785,"date":"2025-09-15T11:30:59","date_gmt":"2025-09-15T11:30:59","guid":{"rendered":"https:\/\/www.lodelmomentoloja.com\/?p=27785"},"modified":"2025-09-15T16:33:49","modified_gmt":"2025-09-15T16:33:49","slug":"este-es-el-panorama-que-se-vive-en-varias-provincias-por-la-eliminacion-del-subsidio-al-diesel","status":"publish","type":"post","link":"https:\/\/www.lodelmomentoloja.com\/?p=27785","title":{"rendered":"Este es el panorama que se vive en varias provincias por la eliminaci\u00f3n del subsidio al Diesel."},"content":{"rendered":"<p class=\"selectable-text copyable-text x15bjb6t x1n2onr6\"><span class=\"x19la9d6 x1fc57z9 x6ikm8r x10wlt62 x19co3pv x1g5zs5t xfibh0p xiy17q3 x1xsqp64 x1lkfr7t xexx8yu xyri2b x18d9i69 x1c1uobl\"><span class=\"xrtxmta x1bhl96m\"><img loading=\"lazy\" decoding=\"async\" class=\"wp-image-27787 aligncenter\" src=\"http:\/\/www.lodelmomentoloja.com\/wp-content\/uploads\/2025\/09\/NOTICIA-VIDEO-LDM-1-1-300x169.jpg\" alt=\"\" width=\"1120\" height=\"631\" srcset=\"https:\/\/www.lodelmomentoloja.com\/wp-content\/uploads\/2025\/09\/NOTICIA-VIDEO-LDM-1-1-300x169.jpg 300w, https:\/\/www.lodelmomentoloja.com\/wp-content\/uploads\/2025\/09\/NOTICIA-VIDEO-LDM-1-1-1024x576.jpg 1024w, https:\/\/www.lodelmomentoloja.com\/wp-content\/uploads\/2025\/09\/NOTICIA-VIDEO-LDM-1-1-768x432.jpg 768w, https:\/\/www.lodelmomentoloja.com\/wp-content\/uploads\/2025\/09\/NOTICIA-VIDEO-LDM-1-1-640x360.jpg 640w, https:\/\/www.lodelmomentoloja.com\/wp-content\/uploads\/2025\/09\/NOTICIA-VIDEO-LDM-1-1-1536x864.jpg 1536w, https:\/\/www.lodelmomentoloja.com\/wp-content\/uploads\/2025\/09\/NOTICIA-VIDEO-LDM-1-1.jpg 1920w\" sizes=\"(max-width: 1120px) 100vw, 1120px\" \/><\/p>\n<p>\ud83c\uddea\ud83c\udde8<\/span><\/span><span class=\"x19la9d6 x1fc57z9 x6ikm8r x10wlt62 x19co3pv x1g5zs5t xfibh0p xiy17q3 x1xsqp64 x1lkfr7t xexx8yu xyri2b x18d9i69 x1c1uobl\"><span class=\"xrtxmta x1bhl96m\">\ud83d\udede<\/span><\/span><span class=\"x19la9d6 x1fc57z9 x6ikm8r x10wlt62 x19co3pv x1g5zs5t xfibh0p xiy17q3 x1xsqp64 x1lkfr7t xexx8yu xyri2b x18d9i69 x1c1uobl\"><span class=\"xrtxmta x1bhl96m\">\ud83d\udce3<\/span><\/span><span class=\"selectable-text copyable-text xkrh14z\"> \u00a1Se tomaron las calles! Provincias como El Oro, Santo Domingo, Carchi, Bol\u00edvar y Tulc\u00e1n se tomaron las calles este 15 de septiembre en rechazo a la eliminaci\u00f3n del subsidio al di\u00e9sel decretado por el presidente Daniel Noboa. Sin embargo, Pichincha, la provincia que hab\u00eda convocado a las paralizaciones las suspendi\u00f3 \u00bfCu\u00e1l fue la respuesta de las autoridades gubernamentales?<\/span><\/p>\n<div style=\"width: 640px;\" class=\"wp-video\"><!--[if lt IE 9]><script>document.createElement('video');<\/script><![endif]-->\n<video class=\"wp-video-shortcode\" id=\"video-27785-1\" width=\"640\" height=\"360\" preload=\"metadata\" controls=\"controls\"><source type=\"video\/mp4\" src=\"http:\/\/www.lodelmomentoloja.com\/wp-content\/uploads\/2025\/09\/PARO-NACIONAL-REDUCIDO.mp4?_=1\" \/><a href=\"http:\/\/www.lodelmomentoloja.com\/wp-content\/uploads\/2025\/09\/PARO-NACIONAL-REDUCIDO.mp4\">http:\/\/www.lodelmomentoloja.com\/wp-content\/uploads\/2025\/09\/PARO-NACIONAL-REDUCIDO.mp4<\/a><\/video><\/div>\n<p>En Carchi, al menos seis v\u00edas fueron bloqueadas por transportistas, generando paralizaci\u00f3n total en varios tramos donde, incluso, habr\u00eda personas detenidas. En la provincia de Santo Domingo tambi\u00e9n tuvo cierres, como la v\u00eda Santo Domingo \u2013 Patricia Pilar en el ingreso a Puerto Lim\u00f3n. Estos bloqueos son una protesta contra el aumento del precio del di\u00e9sel que pas\u00f3 de USD 1,80 a USD 2,80 por gal\u00f3n.<\/p>\n<p>Mientras que, en Pichincha, la provincia que hab\u00eda convocado el paro nacional, luego de que la Agencia Nacional de Tr\u00e1nsito (ANT), representantes del sector y autoridades gubernamentales llegaron a un acuerdo.<\/p>\n<p>Sin embargo, el Gobierno busca estrategias para evitar las paralizaciones, en ese sentido, el ministro de Infraestructura y Transporte, Roberto Luque dio a conocer los incentivos productivos para el transporte p\u00fablico, pagos que iniciar\u00edan desde este lunes.<\/p>\n<p>El Ministerio habilit\u00f3 puntos de atenci\u00f3n presencial para que los transportistas se registren y reciban la compensaci\u00f3n. En Quito la matriz de la cartera de Estado ubicada en las calles Juan Le\u00f3n Mera y Av. Orellana ser\u00e1 el punto de acopio. En Guayaquil, las instalaciones del ECU 911 de la v\u00eda Samborond\u00f3n y en Tulc\u00e1n, en la Av. Veintimilla y Alejandro Mera junto al ECU \u2013 911. Estos espacios atender\u00e1n desde las 09H00 hasta las 17H00. No obstante, la inscripci\u00f3n tambi\u00e9n puede realizarse en l\u00ednea.<\/p>\n<p>Seg\u00fan el ministro Luque, la entrega de la compensaci\u00f3n ser\u00e1 por ocho meses. el Gobierno inform\u00f3 el pasado 12 de septiembre que los fondos antes designados para el subsidio, estimados en unos USD 1.100 millones, estar\u00edan dirigidos para el \u2018escudo social\u2019 integrado por tres acciones:<br \/>\n&#8211; Un bono adicional para 55.000 familias vulnerables<br \/>\n&#8211; La devoluci\u00f3n directa del IVA a adultos mayores<br \/>\n&#8211; La compensaci\u00f3n econ\u00f3mica a cerca de 23.000 transportistas p\u00fablicos que recibir\u00e1n entre 400 y 1.000 mensuales, grupo para el cual se prev\u00e9 designar USD 220 millones, lo que, seg\u00fan el Gobierno, garantizar\u00eda que no habr\u00e1 incrementos en las tarifas del transporte p\u00fablico.<\/p>\n<p class=\"selectable-text copyable-text x15bjb6t x1n2onr6\"><span class=\"x19la9d6 x1fc57z9 x6ikm8r x10wlt62 x19co3pv x1g5zs5t xfibh0p xiy17q3 x1xsqp64 x1lkfr7t xexx8yu xyri2b x18d9i69 x1c1uobl\"><span class=\"xrtxmta x1bhl96m\">\ud83c\udf10<\/span><\/span><span class=\"x19la9d6 x1fc57z9 x6ikm8r x10wlt62 x19co3pv x1g5zs5t xfibh0p xiy17q3 x1xsqp64 x1lkfr7t xexx8yu xyri2b x18d9i69 x1c1uobl\"><span class=\"xrtxmta x1bhl96m\">\u2705<\/span><\/span><span class=\"selectable-text copyable-text xkrh14z\"> S\u00edguenos en nuestra p\u00e1gina verificada: <\/span><span class=\"selectable-text copyable-text xkrh14z\">https:\/\/www.facebook.com\/lodelmomentolojaEC<\/span><\/p>\n<p class=\"selectable-text copyable-text x15bjb6t x1n2onr6\"><span class=\"selectable-text copyable-text xkrh14z\">www.lodelmomentoloja.com<\/span><\/p>\n<p class=\"selectable-text copyable-text x15bjb6t x1n2onr6\"><span class=\"selectable-text copyable-text xkrh14z\">#LDMnoticias #lodelmomentolojaLDM<\/span><\/p>\n","protected":false},"excerpt":{"rendered":"<p>\ud83c\uddea\ud83c\udde8\ud83d\udede\ud83d\udce3 \u00a1Se tomaron las calles! Provincias como El Oro, Santo Domingo, Carchi, Bol\u00edvar y Tulc\u00e1n&#8230;<\/p>\n","protected":false},"author":1,"featured_media":0,"comment_status":"open","ping_status":"open","sticky":false,"template":"","format":"standard","meta":{"footnotes":""},"categories":[7,1,5],"tags":[],"class_list":["post-27785","post","type-post","status-publish","format-standard","hentry","category-ecuador","category-inicio","category-loja"],"_links":{"self":[{"href":"https:\/\/www.lodelmomentoloja.com\/index.php?rest_route=\/wp\/v2\/posts\/27785"}],"collection":[{"href":"https:\/\/www.lodelmomentoloja.com\/index.php?rest_route=\/wp\/v2\/posts"}],"about":[{"href":"https:\/\/www.lodelmomentoloja.com\/index.php?rest_route=\/wp\/v2\/types\/post"}],"author":[{"embeddable":true,"href":"https:\/\/www.lodelmomentoloja.com\/index.php?rest_route=\/wp\/v2\/users\/1"}],"replies":[{"embeddable":true,"href":"https:\/\/www.lodelmomentoloja.com\/index.php?rest_route=%2Fwp%2Fv2%2Fcomments&post=27785"}],"version-history":[{"count":1,"href":"https:\/\/www.lodelmomentoloja.com\/index.php?rest_route=\/wp\/v2\/posts\/27785\/revisions"}],"predecessor-version":[{"id":27788,"href":"https:\/\/www.lodelmomentoloja.com\/index.php?rest_route=\/wp\/v2\/posts\/27785\/revisions\/27788"}],"wp:attachment":[{"href":"https:\/\/www.lodelmomentoloja.com\/index.php?rest_route=%2Fwp%2Fv2%2Fmedia&parent=27785"}],"wp:term":[{"taxonomy":"category","embeddable":true,"href":"https:\/\/www.lodelmomentoloja.com\/index.php?rest_route=%2Fwp%2Fv2%2Fcategories&post=27785"},{"taxonomy":"post_tag","embeddable":true,"href":"https:\/\/www.lodelmomentoloja.com\/index.php?rest_route=%2Fwp%2Fv2%2Ftags&post=27785"}],"curies":[{"name":"wp","href":"https:\/\/api.w.org\/{rel}","templated":true}]}}