{"id":27776,"date":"2025-09-15T08:30:48","date_gmt":"2025-09-15T08:30:48","guid":{"rendered":"https:\/\/www.lodelmomentoloja.com\/?p=27776"},"modified":"2025-09-15T15:43:42","modified_gmt":"2025-09-15T15:43:42","slug":"daniel-noboa-deroga-estatuto-migratorio-con-venezuela","status":"publish","type":"post","link":"https:\/\/www.lodelmomentoloja.com\/?p=27776","title":{"rendered":"DANIEL NOBOA DEROGA ESTATUTO MIGRATORIO CON VENEZUELA"},"content":{"rendered":"<p>\ud83d\ude31\ud83d\udcc4\u26d3\ufe0f\u200d\ud83d\udca5\u00a1Tras 15 a\u00f1os! El presidente Daniel Noboa Azin firm\u00f3 el Decreto Ejecutivo 123 con el que se da por terminado el Estatuto Migratorio entre Ecuador y Venezuela, vigente desde 2011. Dicha decisi\u00f3n marca el cierre de un acuerdo que dur\u00f3 15 a\u00f1os. La medida fue impulsada desde marzo de este a\u00f1o, cuando el Gobierno inici\u00f3 el proceso de denuncia del estatuto. La Canciller\u00eda argument\u00f3 la suspensi\u00f3n de financiamiento a programas migratorios y recomend\u00f3 avanzar con la terminaci\u00f3n del convenio.<\/p>\n<p>\ud83c\udf10\u2705 S\u00edguenos en nuestra p\u00e1gina verificada: https:\/\/www.facebook.com\/lodelmomentolojaEC<\/p>\n<p>www.lodelmomentoloja.com<br \/>\n<a class=\"x1i10hfl xjbqb8w x1ejq31n x18oe1m7 x1sy0etr xstzfhl x972fbf x10w94by x1qhh985 x14e42zd x9f619 x1ypdohk xt0psk2 x3ct3a4 xdj266r x14z9mp xat24cr x1lziwak xexx8yu xyri2b x18d9i69 x1c1uobl x16tdsg8 x1hl2dhg xggy1nq x1a2a7pz _aa9_ _a6hd\" tabindex=\"0\" role=\"link\" href=\"https:\/\/www.instagram.com\/explore\/tags\/ldmnoticias\/\">#LDMnoticias<\/a>\u00a0<a class=\"x1i10hfl xjbqb8w x1ejq31n x18oe1m7 x1sy0etr xstzfhl x972fbf x10w94by x1qhh985 x14e42zd x9f619 x1ypdohk xt0psk2 x3ct3a4 xdj266r x14z9mp xat24cr x1lziwak xexx8yu xyri2b x18d9i69 x1c1uobl x16tdsg8 x1hl2dhg xggy1nq x1a2a7pz _aa9_ _a6hd\" tabindex=\"0\" role=\"link\" href=\"https:\/\/www.instagram.com\/explore\/tags\/lodelmomentolojaldm\/\">#lodelmomentolojaLDM<\/a><\/p>\n","protected":false},"excerpt":{"rendered":"<p>\ud83d\ude31\ud83d\udcc4\u26d3\ufe0f\u200d\ud83d\udca5\u00a1Tras 15 a\u00f1os! El presidente Daniel Noboa Azin firm\u00f3 el Decreto Ejecutivo 123 con el&#8230;<\/p>\n","protected":false},"author":1,"featured_media":27777,"comment_status":"open","ping_status":"open","sticky":false,"template":"","format":"standard","meta":{"footnotes":""},"categories":[7,1,4],"tags":[],"class_list":["post-27776","post","type-post","status-publish","format-standard","has-post-thumbnail","hentry","category-ecuador","category-inicio","category-internacional"],"_links":{"self":[{"href":"https:\/\/www.lodelmomentoloja.com\/index.php?rest_route=\/wp\/v2\/posts\/27776"}],"collection":[{"href":"https:\/\/www.lodelmomentoloja.com\/index.php?rest_route=\/wp\/v2\/posts"}],"about":[{"href":"https:\/\/www.lodelmomentoloja.com\/index.php?rest_route=\/wp\/v2\/types\/post"}],"author":[{"embeddable":true,"href":"https:\/\/www.lodelmomentoloja.com\/index.php?rest_route=\/wp\/v2\/users\/1"}],"replies":[{"embeddable":true,"href":"https:\/\/www.lodelmomentoloja.com\/index.php?rest_route=%2Fwp%2Fv2%2Fcomments&post=27776"}],"version-history":[{"count":1,"href":"https:\/\/www.lodelmomentoloja.com\/index.php?rest_route=\/wp\/v2\/posts\/27776\/revisions"}],"predecessor-version":[{"id":27778,"href":"https:\/\/www.lodelmomentoloja.com\/index.php?rest_route=\/wp\/v2\/posts\/27776\/revisions\/27778"}],"wp:featuredmedia":[{"embeddable":true,"href":"https:\/\/www.lodelmomentoloja.com\/index.php?rest_route=\/wp\/v2\/media\/27777"}],"wp:attachment":[{"href":"https:\/\/www.lodelmomentoloja.com\/index.php?rest_route=%2Fwp%2Fv2%2Fmedia&parent=27776"}],"wp:term":[{"taxonomy":"category","embeddable":true,"href":"https:\/\/www.lodelmomentoloja.com\/index.php?rest_route=%2Fwp%2Fv2%2Fcategories&post=27776"},{"taxonomy":"post_tag","embeddable":true,"href":"https:\/\/www.lodelmomentoloja.com\/index.php?rest_route=%2Fwp%2Fv2%2Ftags&post=27776"}],"curies":[{"name":"wp","href":"https:\/\/api.w.org\/{rel}","templated":true}]}}