{"id":27765,"date":"2025-09-12T17:16:30","date_gmt":"2025-09-12T17:16:30","guid":{"rendered":"https:\/\/www.lodelmomentoloja.com\/?p=27765"},"modified":"2025-09-12T22:20:09","modified_gmt":"2025-09-12T22:20:09","slug":"accion-feminista-por-la-paz-denuncia-presunto-4c0s0-laboral-en-la-fiscalia-de-loja","status":"publish","type":"post","link":"https:\/\/www.lodelmomentoloja.com\/?p=27765","title":{"rendered":"Acci\u00f3n Feminista por la Paz denuncia presunto 4c0s0 laboral en la fiscal\u00eda de Loja."},"content":{"rendered":"<p class=\"selectable-text copyable-text x15bjb6t x1n2onr6\"><span class=\"x19la9d6 x1fc57z9 x6ikm8r x10wlt62 x19co3pv x1g5zs5t xfibh0p xiy17q3 x1xsqp64 x1lkfr7t xexx8yu xyri2b x18d9i69 x1c1uobl\"><span class=\"xrtxmta x1bhl96m\"><img loading=\"lazy\" decoding=\"async\" class=\"wp-image-27767 aligncenter\" src=\"http:\/\/www.lodelmomentoloja.com\/wp-content\/uploads\/2025\/09\/WhatsApp-Image-2025-09-12-at-5.04.04-PM-1-300x169.jpeg\" alt=\"\" width=\"1049\" height=\"591\" srcset=\"https:\/\/www.lodelmomentoloja.com\/wp-content\/uploads\/2025\/09\/WhatsApp-Image-2025-09-12-at-5.04.04-PM-1-300x169.jpeg 300w, https:\/\/www.lodelmomentoloja.com\/wp-content\/uploads\/2025\/09\/WhatsApp-Image-2025-09-12-at-5.04.04-PM-1-1024x576.jpeg 1024w, https:\/\/www.lodelmomentoloja.com\/wp-content\/uploads\/2025\/09\/WhatsApp-Image-2025-09-12-at-5.04.04-PM-1-768x432.jpeg 768w, https:\/\/www.lodelmomentoloja.com\/wp-content\/uploads\/2025\/09\/WhatsApp-Image-2025-09-12-at-5.04.04-PM-1-640x360.jpeg 640w, https:\/\/www.lodelmomentoloja.com\/wp-content\/uploads\/2025\/09\/WhatsApp-Image-2025-09-12-at-5.04.04-PM-1-1536x864.jpeg 1536w, https:\/\/www.lodelmomentoloja.com\/wp-content\/uploads\/2025\/09\/WhatsApp-Image-2025-09-12-at-5.04.04-PM-1.jpeg 1600w\" sizes=\"(max-width: 1049px) 100vw, 1049px\" \/><\/p>\n<p>\ud83d\ude31<\/span><\/span><span class=\"x19la9d6 x1fc57z9 x6ikm8r x10wlt62 x19co3pv x1g5zs5t xfibh0p xiy17q3 x1xsqp64 x1lkfr7t xexx8yu xyri2b x18d9i69 x1c1uobl\"><span class=\"xrtxmta x1bhl96m\">\ud83d\udea8<\/span><\/span><span class=\"x19la9d6 x1fc57z9 x6ikm8r x10wlt62 x19co3pv x1g5zs5t xfibh0p xiy17q3 x1xsqp64 x1lkfr7t xexx8yu xyri2b x18d9i69 x1c1uobl\"><span class=\"xrtxmta x1bhl96m\">\ud83d\udde3\ufe0f<\/span><\/span><span class=\"selectable-text copyable-text xkrh14z\"> \u00a1Presunto 4v0s0 laboral! La ma\u00f1ana de este 12 de septiembre, el colectivo Acci\u00f3n Feminista por la Paz a trav\u00e9s de Centro Integral Violeta expuso p\u00fablicamente el caso de \u2018Ester\u2019 nombre protegido quien, aparentemente, habr\u00eda sido v\u00edctima de 4c0s0 laboral en la Fiscal\u00eda General de la ciudad de Loja.<\/span><\/p>\n<div style=\"width: 640px;\" class=\"wp-video\"><!--[if lt IE 9]><script>document.createElement('video');<\/script><![endif]-->\n<video class=\"wp-video-shortcode\" id=\"video-27765-1\" width=\"640\" height=\"360\" preload=\"metadata\" controls=\"controls\"><source type=\"video\/mp4\" src=\"http:\/\/www.lodelmomentoloja.com\/wp-content\/uploads\/2025\/09\/PRESUNTO-4C0S0-LABORAL-REDUCIDO.mp4?_=1\" \/><a href=\"http:\/\/www.lodelmomentoloja.com\/wp-content\/uploads\/2025\/09\/PRESUNTO-4C0S0-LABORAL-REDUCIDO.mp4\">http:\/\/www.lodelmomentoloja.com\/wp-content\/uploads\/2025\/09\/PRESUNTO-4C0S0-LABORAL-REDUCIDO.mp4<\/a><\/video><\/div>\n<p>La jurista se\u00f1ala que, pese haber puesto la denuncia correspondiente, las autoridades no han tomado los correctivos necesarios, incluso, recalca que ya ser\u00edan m\u00e1s de una decena de denuncias las que se habr\u00edan archivado en la instituci\u00f3n.<\/p>\n<p>Pero como si no fuera poco, las autoridades habr\u00edan utilizado palabras despectivas hacia Ester, mismas que habr\u00eda afectado a su salud mental; cabe recalcar que el hecho, no involucra a las actuales autoridades de la entidad.<\/p>\n<p>El colectivo menciona que los da\u00f1os ocasionados a la v\u00edctima son visibles hasta la actualidad, y ante las aparentes injusticias cometidas en el caso presentaron una apelaci\u00f3n cuya resoluci\u00f3n se emitir\u00eda en los pr\u00f3ximos d\u00edas.<\/p>\n<p>Acci\u00f3n Feminista por la Paz recalca que este no ser\u00eda el \u00fanico caso de 4c0s0 laboral que existir\u00eda dentro de la instituci\u00f3n, por lo piden se haga justicia por las v\u00edctimas.<\/p>\n<p class=\"selectable-text copyable-text x15bjb6t x1n2onr6\"><span class=\"x19la9d6 x1fc57z9 x6ikm8r x10wlt62 x19co3pv x1g5zs5t xfibh0p xiy17q3 x1xsqp64 x1lkfr7t xexx8yu xyri2b x18d9i69 x1c1uobl\"><span class=\"xrtxmta x1bhl96m\">\ud83c\udf10<\/span><\/span><span class=\"x19la9d6 x1fc57z9 x6ikm8r x10wlt62 x19co3pv x1g5zs5t xfibh0p xiy17q3 x1xsqp64 x1lkfr7t xexx8yu xyri2b x18d9i69 x1c1uobl\"><span class=\"xrtxmta x1bhl96m\">\u2705<\/span><\/span><span class=\"selectable-text copyable-text xkrh14z\"> S\u00edguenos en nuestra p\u00e1gina verificada: <\/span><span class=\"selectable-text copyable-text xkrh14z\">https:\/\/www.facebook.com\/lodelmomentolojaEC<\/span><\/p>\n<p class=\"selectable-text copyable-text x15bjb6t x1n2onr6\"><span class=\"selectable-text copyable-text xkrh14z\">www.lodelmomentoloja.com<\/span><\/p>\n<p class=\"selectable-text copyable-text x15bjb6t x1n2onr6\"><span class=\"selectable-text copyable-text xkrh14z\">#LDMnoticias #lodelmomentolojaLDM<\/span><\/p>\n","protected":false},"excerpt":{"rendered":"<p>\ud83d\ude31\ud83d\udea8\ud83d\udde3\ufe0f \u00a1Presunto 4v0s0 laboral! La ma\u00f1ana de este 12 de septiembre, el colectivo Acci\u00f3n Feminista&#8230;<\/p>\n","protected":false},"author":1,"featured_media":0,"comment_status":"open","ping_status":"open","sticky":false,"template":"","format":"standard","meta":{"footnotes":""},"categories":[7,1,5],"tags":[],"class_list":["post-27765","post","type-post","status-publish","format-standard","hentry","category-ecuador","category-inicio","category-loja"],"_links":{"self":[{"href":"https:\/\/www.lodelmomentoloja.com\/index.php?rest_route=\/wp\/v2\/posts\/27765"}],"collection":[{"href":"https:\/\/www.lodelmomentoloja.com\/index.php?rest_route=\/wp\/v2\/posts"}],"about":[{"href":"https:\/\/www.lodelmomentoloja.com\/index.php?rest_route=\/wp\/v2\/types\/post"}],"author":[{"embeddable":true,"href":"https:\/\/www.lodelmomentoloja.com\/index.php?rest_route=\/wp\/v2\/users\/1"}],"replies":[{"embeddable":true,"href":"https:\/\/www.lodelmomentoloja.com\/index.php?rest_route=%2Fwp%2Fv2%2Fcomments&post=27765"}],"version-history":[{"count":1,"href":"https:\/\/www.lodelmomentoloja.com\/index.php?rest_route=\/wp\/v2\/posts\/27765\/revisions"}],"predecessor-version":[{"id":27768,"href":"https:\/\/www.lodelmomentoloja.com\/index.php?rest_route=\/wp\/v2\/posts\/27765\/revisions\/27768"}],"wp:attachment":[{"href":"https:\/\/www.lodelmomentoloja.com\/index.php?rest_route=%2Fwp%2Fv2%2Fmedia&parent=27765"}],"wp:term":[{"taxonomy":"category","embeddable":true,"href":"https:\/\/www.lodelmomentoloja.com\/index.php?rest_route=%2Fwp%2Fv2%2Fcategories&post=27765"},{"taxonomy":"post_tag","embeddable":true,"href":"https:\/\/www.lodelmomentoloja.com\/index.php?rest_route=%2Fwp%2Fv2%2Ftags&post=27765"}],"curies":[{"name":"wp","href":"https:\/\/api.w.org\/{rel}","templated":true}]}}