{"id":27757,"date":"2025-09-11T16:46:38","date_gmt":"2025-09-11T16:46:38","guid":{"rendered":"https:\/\/www.lodelmomentoloja.com\/?p=27757"},"modified":"2025-09-11T21:50:20","modified_gmt":"2025-09-11T21:50:20","slug":"durante-la-marcha-en-guayaquil-daniel-n0b04-envio-un-contundente-mensaje-a-la-cc","status":"publish","type":"post","link":"https:\/\/www.lodelmomentoloja.com\/?p=27757","title":{"rendered":"Durante la marcha en Guayaquil Daniel N0b04 envi\u00f3 un contundente mensaje a la CC."},"content":{"rendered":"<p class=\"selectable-text copyable-text x15bjb6t x1n2onr6\"><span class=\"x19la9d6 x1fc57z9 x6ikm8r x10wlt62 x19co3pv x1g5zs5t xfibh0p xiy17q3 x1xsqp64 x1lkfr7t xexx8yu xyri2b x18d9i69 x1c1uobl\"><span class=\"xrtxmta x1bhl96m\"><img loading=\"lazy\" decoding=\"async\" class=\"wp-image-27759 aligncenter\" src=\"http:\/\/www.lodelmomentoloja.com\/wp-content\/uploads\/2025\/09\/NOTICIA-VIDEO-LDM-2-300x169.jpg\" alt=\"\" width=\"1062\" height=\"598\" srcset=\"https:\/\/www.lodelmomentoloja.com\/wp-content\/uploads\/2025\/09\/NOTICIA-VIDEO-LDM-2-300x169.jpg 300w, https:\/\/www.lodelmomentoloja.com\/wp-content\/uploads\/2025\/09\/NOTICIA-VIDEO-LDM-2-1024x576.jpg 1024w, https:\/\/www.lodelmomentoloja.com\/wp-content\/uploads\/2025\/09\/NOTICIA-VIDEO-LDM-2-768x432.jpg 768w, https:\/\/www.lodelmomentoloja.com\/wp-content\/uploads\/2025\/09\/NOTICIA-VIDEO-LDM-2-640x360.jpg 640w, https:\/\/www.lodelmomentoloja.com\/wp-content\/uploads\/2025\/09\/NOTICIA-VIDEO-LDM-2-1536x864.jpg 1536w, https:\/\/www.lodelmomentoloja.com\/wp-content\/uploads\/2025\/09\/NOTICIA-VIDEO-LDM-2.jpg 1920w\" sizes=\"(max-width: 1062px) 100vw, 1062px\" \/><\/p>\n<p>\ud83d\udfe3<\/span><\/span><span class=\"x19la9d6 x1fc57z9 x6ikm8r x10wlt62 x19co3pv x1g5zs5t xfibh0p xiy17q3 x1xsqp64 x1lkfr7t xexx8yu xyri2b x18d9i69 x1c1uobl\"><span class=\"xrtxmta x1bhl96m\">\ud83c\uddea\ud83c\udde8<\/span><\/span><span class=\"x19la9d6 x1fc57z9 x6ikm8r x10wlt62 x19co3pv x1g5zs5t xfibh0p xiy17q3 x1xsqp64 x1lkfr7t xexx8yu xyri2b x18d9i69 x1c1uobl\"><span class=\"xrtxmta x1bhl96m\">\ud83d\udce3<\/span><\/span><span class=\"selectable-text copyable-text xkrh14z\"> \u00a1Marcha por la paz! Guayaquil fue escenario de la segunda marcha convocada por el Gobierno de Daniel Noboa, el primer mandatario asisti\u00f3 durante unos minutos. En medio de una multitud concentrada en la avenida 9 de Octubre y Malec\u00f3n se fue una vez m\u00e1s en contra de la Corte Constitucional, aunque no la mencion\u00f3 el mensaje fue claro. <\/span><\/p>\n<div style=\"width: 640px;\" class=\"wp-video\"><!--[if lt IE 9]><script>document.createElement('video');<\/script><![endif]-->\n<video class=\"wp-video-shortcode\" id=\"video-27757-1\" width=\"640\" height=\"360\" preload=\"metadata\" controls=\"controls\"><source type=\"video\/mp4\" src=\"http:\/\/www.lodelmomentoloja.com\/wp-content\/uploads\/2025\/09\/MARCHA-EN-GUAYAQUIL-REDUCIDO.mp4?_=1\" \/><a href=\"http:\/\/www.lodelmomentoloja.com\/wp-content\/uploads\/2025\/09\/MARCHA-EN-GUAYAQUIL-REDUCIDO.mp4\">http:\/\/www.lodelmomentoloja.com\/wp-content\/uploads\/2025\/09\/MARCHA-EN-GUAYAQUIL-REDUCIDO.mp4<\/a><\/video><\/div>\n<p class=\"selectable-text copyable-text x15bjb6t x1n2onr6\">\n<p>En medio de una multitud concentrada en la avenida 9 de Octubre y Malec\u00f3n se fue una vez m\u00e1s en contra de la Corte Constitucional, aunque no la mencion\u00f3 el mensaje fue claro.<\/p>\n<p>La marcha inici\u00f3 alrededor de las 10H00 de este jueves, aunque no dur\u00f3 mucho. La vicepresidenta de Ecuador, Mar\u00eda Jos\u00e9 Pinto, encabeza la movilizaci\u00f3n acompa\u00f1ada de ministros y asamble\u00edstas de ADN. Mientras que el presidente Daniel Noboa en la tarima llam\u00f3 a defender la democracia.<\/p>\n<p>Miles de personas llegaron desde horas de la madrugada hasta las calles Cuenca y Chile, en el centro de Guayaquil, arribaron en decenas de buses para participar de la marcha. Se desarroll\u00f3 en medio de que el Gobierno tiene un nuevo pulso con la Corte, por las preguntas que pretende incluir en la consulta popular planificada para noviembre de 2025. La corte ya rechaz\u00f3 la primera propuesta y ahora debe analizar siete m\u00e1s.<\/p>\n<p>Adem\u00e1s, la marcha por la paz coincidi\u00f3 con la convocatoria de organizaciones sociales para una marcha en contra del Gobierno en Quito. El Frente Unitario de Trabajadores (FUT), la Uni\u00f3n Nacional de Educadores (UNE), 18 organizaciones sociales y la Confederaci\u00f3n de Nacionalidades Ind\u00edgenas del Ecuador (Conaie) se concentrar\u00e1n a partir de las 16H00. Este grupo se movilizar\u00e1 por las calles para rechazar las pol\u00edticas de Noboa y la consulta popular.<\/p>\n<p class=\"selectable-text copyable-text x15bjb6t x1n2onr6\"><span class=\"x19la9d6 x1fc57z9 x6ikm8r x10wlt62 x19co3pv x1g5zs5t xfibh0p xiy17q3 x1xsqp64 x1lkfr7t xexx8yu xyri2b x18d9i69 x1c1uobl\"><span class=\"xrtxmta x1bhl96m\">\ud83c\udf10<\/span><\/span><span class=\"x19la9d6 x1fc57z9 x6ikm8r x10wlt62 x19co3pv x1g5zs5t xfibh0p xiy17q3 x1xsqp64 x1lkfr7t xexx8yu xyri2b x18d9i69 x1c1uobl\"><span class=\"xrtxmta x1bhl96m\">\u2705<\/span><\/span><span class=\"selectable-text copyable-text xkrh14z\"> S\u00edguenos en nuestra p\u00e1gina verificada: <\/span><span class=\"selectable-text copyable-text xkrh14z\">https:\/\/www.facebook.com\/lodelmomentolojaEC<\/span><\/p>\n<p class=\"selectable-text copyable-text x15bjb6t x1n2onr6\"><span class=\"selectable-text copyable-text xkrh14z\">www.lodelmomentoloja.com<\/span><\/p>\n<p class=\"selectable-text copyable-text x15bjb6t x1n2onr6\"><span class=\"selectable-text copyable-text xkrh14z\">#LDMnoticias #lodelmomentolojaLDM<\/span><\/p>\n","protected":false},"excerpt":{"rendered":"<p>\ud83d\udfe3\ud83c\uddea\ud83c\udde8\ud83d\udce3 \u00a1Marcha por la paz! Guayaquil fue escenario de la segunda marcha convocada por el&#8230;<\/p>\n","protected":false},"author":1,"featured_media":0,"comment_status":"open","ping_status":"open","sticky":false,"template":"","format":"standard","meta":{"footnotes":""},"categories":[7,1],"tags":[],"class_list":["post-27757","post","type-post","status-publish","format-standard","hentry","category-ecuador","category-inicio"],"_links":{"self":[{"href":"https:\/\/www.lodelmomentoloja.com\/index.php?rest_route=\/wp\/v2\/posts\/27757"}],"collection":[{"href":"https:\/\/www.lodelmomentoloja.com\/index.php?rest_route=\/wp\/v2\/posts"}],"about":[{"href":"https:\/\/www.lodelmomentoloja.com\/index.php?rest_route=\/wp\/v2\/types\/post"}],"author":[{"embeddable":true,"href":"https:\/\/www.lodelmomentoloja.com\/index.php?rest_route=\/wp\/v2\/users\/1"}],"replies":[{"embeddable":true,"href":"https:\/\/www.lodelmomentoloja.com\/index.php?rest_route=%2Fwp%2Fv2%2Fcomments&post=27757"}],"version-history":[{"count":1,"href":"https:\/\/www.lodelmomentoloja.com\/index.php?rest_route=\/wp\/v2\/posts\/27757\/revisions"}],"predecessor-version":[{"id":27760,"href":"https:\/\/www.lodelmomentoloja.com\/index.php?rest_route=\/wp\/v2\/posts\/27757\/revisions\/27760"}],"wp:attachment":[{"href":"https:\/\/www.lodelmomentoloja.com\/index.php?rest_route=%2Fwp%2Fv2%2Fmedia&parent=27757"}],"wp:term":[{"taxonomy":"category","embeddable":true,"href":"https:\/\/www.lodelmomentoloja.com\/index.php?rest_route=%2Fwp%2Fv2%2Fcategories&post=27757"},{"taxonomy":"post_tag","embeddable":true,"href":"https:\/\/www.lodelmomentoloja.com\/index.php?rest_route=%2Fwp%2Fv2%2Ftags&post=27757"}],"curies":[{"name":"wp","href":"https:\/\/api.w.org\/{rel}","templated":true}]}}