{"id":27752,"date":"2025-09-11T15:41:38","date_gmt":"2025-09-11T15:41:38","guid":{"rendered":"https:\/\/www.lodelmomentoloja.com\/?p=27752"},"modified":"2025-09-11T20:44:27","modified_gmt":"2025-09-11T20:44:27","slug":"una-turba-enardecida-se-tomo-la-fiscalia-tras-la-captura-del-sospechoso-en-el-caso-de-teresita","status":"publish","type":"post","link":"https:\/\/www.lodelmomentoloja.com\/?p=27752","title":{"rendered":"Una turba enardecida se tom\u00f3 la Fiscal\u00eda tras la captura del sospechoso en el caso de Teresita."},"content":{"rendered":"<p class=\"selectable-text copyable-text x15bjb6t x1n2onr6\"><span class=\"x19la9d6 x1fc57z9 x6ikm8r x10wlt62 x19co3pv x1g5zs5t xfibh0p xiy17q3 x1xsqp64 x1lkfr7t xexx8yu xyri2b x18d9i69 x1c1uobl\"><span class=\"xrtxmta x1bhl96m\"><img loading=\"lazy\" decoding=\"async\" class=\"wp-image-27754 aligncenter\" src=\"http:\/\/www.lodelmomentoloja.com\/wp-content\/uploads\/2025\/09\/NOTICIA-VIDEO-LDM-1-300x169.jpg\" alt=\"\" width=\"1020\" height=\"575\" srcset=\"https:\/\/www.lodelmomentoloja.com\/wp-content\/uploads\/2025\/09\/NOTICIA-VIDEO-LDM-1-300x169.jpg 300w, https:\/\/www.lodelmomentoloja.com\/wp-content\/uploads\/2025\/09\/NOTICIA-VIDEO-LDM-1-1024x576.jpg 1024w, https:\/\/www.lodelmomentoloja.com\/wp-content\/uploads\/2025\/09\/NOTICIA-VIDEO-LDM-1-768x432.jpg 768w, https:\/\/www.lodelmomentoloja.com\/wp-content\/uploads\/2025\/09\/NOTICIA-VIDEO-LDM-1-640x360.jpg 640w, https:\/\/www.lodelmomentoloja.com\/wp-content\/uploads\/2025\/09\/NOTICIA-VIDEO-LDM-1-1536x864.jpg 1536w, https:\/\/www.lodelmomentoloja.com\/wp-content\/uploads\/2025\/09\/NOTICIA-VIDEO-LDM-1.jpg 1920w\" sizes=\"(max-width: 1020px) 100vw, 1020px\" \/><\/p>\n<p>\ud83d\ude24<\/span><\/span><span class=\"x19la9d6 x1fc57z9 x6ikm8r x10wlt62 x19co3pv x1g5zs5t xfibh0p xiy17q3 x1xsqp64 x1lkfr7t xexx8yu xyri2b x18d9i69 x1c1uobl\"><span class=\"xrtxmta x1bhl96m\">\ud83d\udea8<\/span><\/span><span class=\"x19la9d6 x1fc57z9 x6ikm8r x10wlt62 x19co3pv x1g5zs5t xfibh0p xiy17q3 x1xsqp64 x1lkfr7t xexx8yu xyri2b x18d9i69 x1c1uobl\"><span class=\"xrtxmta x1bhl96m\">\ud83d\ude2d<\/span><\/span><span class=\"selectable-text copyable-text xkrh14z\"> \u00a1Justicia por mano propia! Una turbe enardecida se tom\u00f3 la Fiscal\u00eda del cant\u00f3n D\u00e9leg, 4rm4d0s con piedras y palos desataron una ola de disturbios en las instalaciones donde permanecer\u00eda el presunto responsable de haber 4g3d1d0 s3xv4lm3nt3 y haberle provocado la muerte a una mujer de 83 a\u00f1os de edad.<\/span><\/p>\n<div style=\"width: 640px;\" class=\"wp-video\"><!--[if lt IE 9]><script>document.createElement('video');<\/script><![endif]-->\n<video class=\"wp-video-shortcode\" id=\"video-27752-1\" width=\"640\" height=\"360\" preload=\"metadata\" controls=\"controls\"><source type=\"video\/mp4\" src=\"http:\/\/www.lodelmomentoloja.com\/wp-content\/uploads\/2025\/09\/CASO-TERESITA-REDUCIDO.mp4?_=1\" \/><a href=\"http:\/\/www.lodelmomentoloja.com\/wp-content\/uploads\/2025\/09\/CASO-TERESITA-REDUCIDO.mp4\">http:\/\/www.lodelmomentoloja.com\/wp-content\/uploads\/2025\/09\/CASO-TERESITA-REDUCIDO.mp4<\/a><\/video><\/div>\n<p>El sujeto, identificado como Wilson Q. fue llevado hasta el Ministerio P\u00fablico para la audiencia, horas despu\u00e9s de haber sido detenido por la Polic\u00eda. Los manifestantes, enfurecidos, exig\u00edan hacer justicia por mano propia y buscaban acceder al sospechoso del cr1m3n cometido contra una adulta mayor, incluso prendieron fv3g0 a la Fiscal\u00eda.<\/p>\n<p>El caso de Luz Am\u00e9rica B.T., conocida como Teresita ha causado indignaci\u00f3n en todo el Ecuador por la forma en que el sospechoso le habr\u00eda arrebatado la vida. Seg\u00fan las investigaciones, la madrugada del 07 de septiembre, el hombre ingres\u00f3 por la parte posterior de la vivienda de la adulta mayor que viv\u00eda sola y 4bvs\u00f3 de ella, adem\u00e1s habr\u00eda utilizado herramientas externas que le provocaron una hemorragia interna.<\/p>\n<p>Fue trasladado primer al centro de salud y luego al hospital de Azogues donde f4ll3c1\u00f3 horas despu\u00e9s producto de un paro cardiaco y la necropsia revelar\u00eda las lesiones en sus partes \u00edntimas que confirmar\u00edan la 4gr3s1\u00f3n, generando angustia y desconsuelo entre sus amigos y familiares.<\/p>\n<p>Desde entonces, decenas de personas salieron a las calles, en son de protesta, para exigir que el caso no quede en la impunidad.<\/p>\n<p>Por su parte, el ministro del Interior, John ReimbErg, a trav\u00e9s de sus redes sociales inform\u00f3 sobre la captura del sospechoso de este cr1m3n \u201cEsperemos que la Funci\u00f3n Judicial haga el trabajo que le corresponde para dejar a este y otro cr1m1n4l3s en la c\u00e1rcel\u201d acot\u00f3.<\/p>\n<p>Tras la noticia sobre la captura, cientos de personas se movilizaron hasta la Fiscal\u00eda provocando disturbios como muestra de indignaci\u00f3n por el cr1m3n. Sin embargo, en medio del caos, los uniformados lograron retirar al sujeto, quien fue llevado bajo fuerte resguardo hasta la c\u00e1rcel de Azogues, aunque la Polic\u00eda respondi\u00f3 con gas lacrim\u00f3geno para dispersar a la multitud y evitar un posible l1nch4m13nto.<span class=\"selectable-text copyable-text xkrh14z\"><br \/>\n<\/span><\/p>\n<p class=\"selectable-text copyable-text x15bjb6t x1n2onr6\"><span class=\"x19la9d6 x1fc57z9 x6ikm8r x10wlt62 x19co3pv x1g5zs5t xfibh0p xiy17q3 x1xsqp64 x1lkfr7t xexx8yu xyri2b x18d9i69 x1c1uobl\"><span class=\"xrtxmta x1bhl96m\">\ud83c\udf10<\/span><\/span><span class=\"x19la9d6 x1fc57z9 x6ikm8r x10wlt62 x19co3pv x1g5zs5t xfibh0p xiy17q3 x1xsqp64 x1lkfr7t xexx8yu xyri2b x18d9i69 x1c1uobl\"><span class=\"xrtxmta x1bhl96m\">\u2705<\/span><\/span><span class=\"selectable-text copyable-text xkrh14z\"> S\u00edguenos en nuestra p\u00e1gina verificada: <\/span><span class=\"selectable-text copyable-text xkrh14z\">https:\/\/www.facebook.com\/lodelmomentolojaEC<\/span><\/p>\n<p class=\"selectable-text copyable-text x15bjb6t x1n2onr6\"><span class=\"selectable-text copyable-text xkrh14z\">www.lodelmomentoloja.com<\/span><\/p>\n<p class=\"selectable-text copyable-text x15bjb6t x1n2onr6\"><span class=\"selectable-text copyable-text xkrh14z\">#LDMnoticias #lodelmomentolojaLDM<\/span><\/p>\n","protected":false},"excerpt":{"rendered":"<p>\ud83d\ude24\ud83d\udea8\ud83d\ude2d \u00a1Justicia por mano propia! Una turbe enardecida se tom\u00f3 la Fiscal\u00eda del cant\u00f3n D\u00e9leg,&#8230;<\/p>\n","protected":false},"author":1,"featured_media":0,"comment_status":"open","ping_status":"open","sticky":false,"template":"","format":"standard","meta":{"footnotes":""},"categories":[7,1],"tags":[],"class_list":["post-27752","post","type-post","status-publish","format-standard","hentry","category-ecuador","category-inicio"],"_links":{"self":[{"href":"https:\/\/www.lodelmomentoloja.com\/index.php?rest_route=\/wp\/v2\/posts\/27752"}],"collection":[{"href":"https:\/\/www.lodelmomentoloja.com\/index.php?rest_route=\/wp\/v2\/posts"}],"about":[{"href":"https:\/\/www.lodelmomentoloja.com\/index.php?rest_route=\/wp\/v2\/types\/post"}],"author":[{"embeddable":true,"href":"https:\/\/www.lodelmomentoloja.com\/index.php?rest_route=\/wp\/v2\/users\/1"}],"replies":[{"embeddable":true,"href":"https:\/\/www.lodelmomentoloja.com\/index.php?rest_route=%2Fwp%2Fv2%2Fcomments&post=27752"}],"version-history":[{"count":1,"href":"https:\/\/www.lodelmomentoloja.com\/index.php?rest_route=\/wp\/v2\/posts\/27752\/revisions"}],"predecessor-version":[{"id":27756,"href":"https:\/\/www.lodelmomentoloja.com\/index.php?rest_route=\/wp\/v2\/posts\/27752\/revisions\/27756"}],"wp:attachment":[{"href":"https:\/\/www.lodelmomentoloja.com\/index.php?rest_route=%2Fwp%2Fv2%2Fmedia&parent=27752"}],"wp:term":[{"taxonomy":"category","embeddable":true,"href":"https:\/\/www.lodelmomentoloja.com\/index.php?rest_route=%2Fwp%2Fv2%2Fcategories&post=27752"},{"taxonomy":"post_tag","embeddable":true,"href":"https:\/\/www.lodelmomentoloja.com\/index.php?rest_route=%2Fwp%2Fv2%2Ftags&post=27752"}],"curies":[{"name":"wp","href":"https:\/\/api.w.org\/{rel}","templated":true}]}}