{"id":27725,"date":"2025-09-10T15:01:36","date_gmt":"2025-09-10T15:01:36","guid":{"rendered":"https:\/\/www.lodelmomentoloja.com\/?p=27725"},"modified":"2025-09-10T20:04:40","modified_gmt":"2025-09-10T20:04:40","slug":"la-nueva-propuesta-de-la-consulta-popular-genera-polemica-en-varios-sectores","status":"publish","type":"post","link":"https:\/\/www.lodelmomentoloja.com\/?p=27725","title":{"rendered":"La nueva propuesta de la consulta popular genera pol\u00e9mica en varios sectores."},"content":{"rendered":"<p><img loading=\"lazy\" decoding=\"async\" class=\"wp-image-27727 aligncenter\" src=\"http:\/\/www.lodelmomentoloja.com\/wp-content\/uploads\/2025\/09\/WhatsApp-Image-2025-09-10-at-14.47.08-300x169.jpeg\" alt=\"\" width=\"1056\" height=\"595\" srcset=\"https:\/\/www.lodelmomentoloja.com\/wp-content\/uploads\/2025\/09\/WhatsApp-Image-2025-09-10-at-14.47.08-300x169.jpeg 300w, https:\/\/www.lodelmomentoloja.com\/wp-content\/uploads\/2025\/09\/WhatsApp-Image-2025-09-10-at-14.47.08-1024x576.jpeg 1024w, https:\/\/www.lodelmomentoloja.com\/wp-content\/uploads\/2025\/09\/WhatsApp-Image-2025-09-10-at-14.47.08-768x432.jpeg 768w, https:\/\/www.lodelmomentoloja.com\/wp-content\/uploads\/2025\/09\/WhatsApp-Image-2025-09-10-at-14.47.08-640x360.jpeg 640w, https:\/\/www.lodelmomentoloja.com\/wp-content\/uploads\/2025\/09\/WhatsApp-Image-2025-09-10-at-14.47.08-1536x864.jpeg 1536w, https:\/\/www.lodelmomentoloja.com\/wp-content\/uploads\/2025\/09\/WhatsApp-Image-2025-09-10-at-14.47.08.jpeg 1600w\" sizes=\"(max-width: 1056px) 100vw, 1056px\" \/><\/p>\n<p>\ud83d\uddf3\ufe0f\u2705\ud83d\udc40 \u00a1La segunda es la vencida! Luego de una que la Corte Constitucional rechazara las preguntas de la consulta popular de Daniel Noboa, el primer mandatario volvi\u00f3 a enviar un nuevo paquete que preguntas divididas en dos bloques, el primero con tres propuestas para tramitarse por consulta popular y, el segundo, cuatro con enmiendas a la Constituci\u00f3n por refer\u00e9ndum, no obstante, figuras pol\u00edticas se muestran desacuerdo ante las preguntas.<\/p>\n<div style=\"width: 640px;\" class=\"wp-video\"><!--[if lt IE 9]><script>document.createElement('video');<\/script><![endif]-->\n<video class=\"wp-video-shortcode\" id=\"video-27725-1\" width=\"640\" height=\"360\" preload=\"metadata\" controls=\"controls\"><source type=\"video\/mp4\" src=\"http:\/\/www.lodelmomentoloja.com\/wp-content\/uploads\/2025\/09\/CONSULTA-POPULAR-2025-REDUCIDO.mp4?_=1\" \/><a href=\"http:\/\/www.lodelmomentoloja.com\/wp-content\/uploads\/2025\/09\/CONSULTA-POPULAR-2025-REDUCIDO.mp4\">http:\/\/www.lodelmomentoloja.com\/wp-content\/uploads\/2025\/09\/CONSULTA-POPULAR-2025-REDUCIDO.mp4<\/a><\/video><\/div>\n<p>La vocera de Carondelet, Carolina Jaramillo, ya hab\u00eda el anunci\u00f3 el disgusto con que el Ejecutivo recibi\u00f3 el dictamen de la Corte por lo que prepar\u00f3 nuevas preguntas, las de referendo son:<\/p>\n<p>1. \u00bfEst\u00e1 usted de acuerdo con crear un registro con aquellas personas con sentencia condenatoria ejecutoriada por el delito sexual de violaci\u00f3n contra ni\u00f1as, ni\u00f1os y adolescentes; con la finalidad exclusiva de prevenir su participaci\u00f3n en actividades que los vinculen con ni\u00f1as, ni\u00f1os y adolescentes?<\/p>\n<p>2. \u00bfEst\u00e1 usted de acuerdo con que la Corte Constitucional solo pueda declarar la inconstitucionalidad de leyes presentadas por el Presidente de la Rep\u00fablica, decretos de estado de excepci\u00f3n o propuestas de consulta popular de iniciativa presidencial, cuando al menos seis de sus nueve jueces est\u00e1n de acuerdo?<\/p>\n<p>3. \u00bfEst\u00e1 usted de acuerdo con juzgar y sancionar a las personas que cometan delitos de extorsi\u00f3n, robo y receptaci\u00f3n, mediante procedimientos especiales y expeditos?<\/p>\n<p>4. \u00bfEst\u00e1 usted de acuerdo con eliminar la facultad de designar autoridades que tiene el CPCCC e implementar procesos p\u00fablicos que garanticen la participaci\u00f3n ciudadana, meritocracia y escrutinio p\u00fablico, de modo que sea la Asamblea Nacional la que designe a trav\u00e9s de estos procesos a las autoridades que actualmente elige el CPCCS?<\/p>\n<p>Mientras que para la consulta popular son:<\/p>\n<p>1. \u00bfEst\u00e1 usted de acuerdo con permitir el funcionamiento de salas de juego y casinos dedicados a juegos de azar en hoteles categorizados con cinco estrellas?<\/p>\n<p>2. \u00bfEst\u00e1 usted de acuerdo con que se reforme la ley para prohibir que se use el nombre, imagen, voz o apoyo en cualquier forma y\/o medio, de personas con sentencia ejecutoriada por delitos contra la administraci\u00f3n p\u00fablica (como peculado, cohecho, concusi\u00f3n, enriquecimiento il\u00edcito)?<\/p>\n<p>3. \u00bfEst\u00e1 usted de acuerdo con que se expida una nueva ley org\u00e1nica de garant\u00edas jurisdiccionales y control constitucional, que incluya la organizaci\u00f3n, funcionamiento y los procedimientos para el cumplimiento de las atribuciones de la Corte Constitucional?<\/p>\n<p>Las propuestas de Noboa generan dudas, puesto que algunas ir\u00edan con dedicatoria directa, sobre todo, al intentar prohibir que las personas con sentencia ejecutoriada participen de las campa\u00f1as.<\/p>\n<p>Lo que despert\u00f3 las cr\u00edticas del exmandatario Rafael Correa sentenciado en el caso S0b0rn0s, a trav\u00e9s de su cuenta de X mencion\u00f3 &#8220;Noboa es un cobarde sin 3scr\u00fapvl0s&#8221;, haciendo alusi\u00f3n al caso de Jan T\u00f3pic quien no pudo participar en las elecciones pasadas por una presunta infracci\u00f3n.<\/p>\n<p>Mientras que, el Partido Social Cristiano pidi\u00f3 al Gobierno se agregen preguntas tres preguntas adicionales relacionadas al sistema de salud p\u00fablica, relacionados a los recursos del IESS.<\/p>\n<p>Adem\u00e1s, el presidente vuelve a ir por la Corte Constitucional con la pregunta para incluir una nueva ley de Garant\u00edas Jurisdiccionales y Control Constitucional con el fin de limitar la funci\u00f3n de los jueces. Adem\u00e1s, en el referendo, plantea que para declarar la inconstitucionalidad de una ley del Ejecutivo, la CC necesite contar con seis de los nueve votos de los magistrados.<\/p>\n<p>Ahora la Corte Constitucional deber\u00e1 analizar este nuevo bloque de preguntas y determinar si se aprobar\u00e1n o no para la consulta popular prevista para el pr\u00f3ximo 30 de noviembre \u00bfSer\u00e1 que el jefe de Estado ahora correr\u00e1 con mejor suerte?<\/p>\n<p>\ud83c\udf10\u2705 S\u00edguenos en nuestra p\u00e1gina verificada: https:\/\/www.facebook.com\/lodelmomentolojaEC<\/p>\n<p>www.lodelmomentoloja.com<br \/>\n#LDMnoticias #lodelmomentolojaLDM<\/p>\n","protected":false},"excerpt":{"rendered":"<p>\ud83d\uddf3\ufe0f\u2705\ud83d\udc40 \u00a1La segunda es la vencida! Luego de una que la Corte Constitucional rechazara las&#8230;<\/p>\n","protected":false},"author":1,"featured_media":0,"comment_status":"open","ping_status":"open","sticky":false,"template":"","format":"standard","meta":{"footnotes":""},"categories":[7,1,5],"tags":[],"class_list":["post-27725","post","type-post","status-publish","format-standard","hentry","category-ecuador","category-inicio","category-loja"],"_links":{"self":[{"href":"https:\/\/www.lodelmomentoloja.com\/index.php?rest_route=\/wp\/v2\/posts\/27725"}],"collection":[{"href":"https:\/\/www.lodelmomentoloja.com\/index.php?rest_route=\/wp\/v2\/posts"}],"about":[{"href":"https:\/\/www.lodelmomentoloja.com\/index.php?rest_route=\/wp\/v2\/types\/post"}],"author":[{"embeddable":true,"href":"https:\/\/www.lodelmomentoloja.com\/index.php?rest_route=\/wp\/v2\/users\/1"}],"replies":[{"embeddable":true,"href":"https:\/\/www.lodelmomentoloja.com\/index.php?rest_route=%2Fwp%2Fv2%2Fcomments&post=27725"}],"version-history":[{"count":1,"href":"https:\/\/www.lodelmomentoloja.com\/index.php?rest_route=\/wp\/v2\/posts\/27725\/revisions"}],"predecessor-version":[{"id":27728,"href":"https:\/\/www.lodelmomentoloja.com\/index.php?rest_route=\/wp\/v2\/posts\/27725\/revisions\/27728"}],"wp:attachment":[{"href":"https:\/\/www.lodelmomentoloja.com\/index.php?rest_route=%2Fwp%2Fv2%2Fmedia&parent=27725"}],"wp:term":[{"taxonomy":"category","embeddable":true,"href":"https:\/\/www.lodelmomentoloja.com\/index.php?rest_route=%2Fwp%2Fv2%2Fcategories&post=27725"},{"taxonomy":"post_tag","embeddable":true,"href":"https:\/\/www.lodelmomentoloja.com\/index.php?rest_route=%2Fwp%2Fv2%2Ftags&post=27725"}],"curies":[{"name":"wp","href":"https:\/\/api.w.org\/{rel}","templated":true}]}}