{"id":27722,"date":"2025-09-10T13:07:12","date_gmt":"2025-09-10T13:07:12","guid":{"rendered":"https:\/\/www.lodelmomentoloja.com\/?p=27722"},"modified":"2025-09-10T18:09:11","modified_gmt":"2025-09-10T18:09:11","slug":"rector-de-utpl-reconocido-por-la-revista-ekos-por-su-liderazgo-en-sostenibilidad","status":"publish","type":"post","link":"https:\/\/www.lodelmomentoloja.com\/?p=27722","title":{"rendered":"RECTOR DE UTPL RECONOCIDO POR LA REVISTA EKOS, POR SU LIDERAZGO EN SOSTENIBILIDAD"},"content":{"rendered":"<p>\ud83d\udc68\ud83c\udffb\u200d\ud83c\udfeb\ud83c\udf0e\ud83c\udf31\u00a1Orgullo UTPL! Durante el evento Guayaquil Sustainable Experience 2025, el rector de la UTPL, Santiago Acosta Aide, fue reconocido por Revista Ekos, el mismo que resalta su liderazgo en sostenibilidad, el compromiso con la Agenda 2030 en Latinoam\u00e9rica y el impulso a la formaci\u00f3n de profesionales conscientes del planeta, as\u00ed como a proyectos que generan un futuro m\u00e1s sostenible.<\/p>\n<p>\ud83c\udf10\u2705 S\u00edguenos en nuestra p\u00e1gina verificada: https:\/\/www.facebook.com\/lodelmomentolojaEC<\/p>\n<p>www.lodelmomentoloja.com<br \/>\n<a class=\"x1i10hfl xjbqb8w x1ejq31n x18oe1m7 x1sy0etr xstzfhl x972fbf x10w94by x1qhh985 x14e42zd x9f619 x1ypdohk xt0psk2 x3ct3a4 xdj266r x14z9mp xat24cr x1lziwak xexx8yu xyri2b x18d9i69 x1c1uobl x16tdsg8 x1hl2dhg xggy1nq x1a2a7pz  _aa9_ _a6hd\" tabindex=\"0\" role=\"link\" href=\"https:\/\/www.instagram.com\/explore\/tags\/ldmnoticias\/\">#LDMnoticias<\/a>\u00a0<a class=\"x1i10hfl xjbqb8w x1ejq31n x18oe1m7 x1sy0etr xstzfhl x972fbf x10w94by x1qhh985 x14e42zd x9f619 x1ypdohk xt0psk2 x3ct3a4 xdj266r x14z9mp xat24cr x1lziwak xexx8yu xyri2b x18d9i69 x1c1uobl x16tdsg8 x1hl2dhg xggy1nq x1a2a7pz  _aa9_ _a6hd\" tabindex=\"0\" role=\"link\" href=\"https:\/\/www.instagram.com\/explore\/tags\/lodelmomentolojaldm\/\">#lodelmomentolojaLDM<\/a><\/p>\n","protected":false},"excerpt":{"rendered":"<p>\ud83d\udc68\ud83c\udffb\u200d\ud83c\udfeb\ud83c\udf0e\ud83c\udf31\u00a1Orgullo UTPL! Durante el evento Guayaquil Sustainable Experience 2025, el rector de la UTPL, Santiago&#8230;<\/p>\n","protected":false},"author":1,"featured_media":27723,"comment_status":"open","ping_status":"open","sticky":false,"template":"","format":"standard","meta":{"footnotes":""},"categories":[7,1,4,5],"tags":[],"class_list":["post-27722","post","type-post","status-publish","format-standard","has-post-thumbnail","hentry","category-ecuador","category-inicio","category-internacional","category-loja"],"_links":{"self":[{"href":"https:\/\/www.lodelmomentoloja.com\/index.php?rest_route=\/wp\/v2\/posts\/27722"}],"collection":[{"href":"https:\/\/www.lodelmomentoloja.com\/index.php?rest_route=\/wp\/v2\/posts"}],"about":[{"href":"https:\/\/www.lodelmomentoloja.com\/index.php?rest_route=\/wp\/v2\/types\/post"}],"author":[{"embeddable":true,"href":"https:\/\/www.lodelmomentoloja.com\/index.php?rest_route=\/wp\/v2\/users\/1"}],"replies":[{"embeddable":true,"href":"https:\/\/www.lodelmomentoloja.com\/index.php?rest_route=%2Fwp%2Fv2%2Fcomments&post=27722"}],"version-history":[{"count":1,"href":"https:\/\/www.lodelmomentoloja.com\/index.php?rest_route=\/wp\/v2\/posts\/27722\/revisions"}],"predecessor-version":[{"id":27724,"href":"https:\/\/www.lodelmomentoloja.com\/index.php?rest_route=\/wp\/v2\/posts\/27722\/revisions\/27724"}],"wp:featuredmedia":[{"embeddable":true,"href":"https:\/\/www.lodelmomentoloja.com\/index.php?rest_route=\/wp\/v2\/media\/27723"}],"wp:attachment":[{"href":"https:\/\/www.lodelmomentoloja.com\/index.php?rest_route=%2Fwp%2Fv2%2Fmedia&parent=27722"}],"wp:term":[{"taxonomy":"category","embeddable":true,"href":"https:\/\/www.lodelmomentoloja.com\/index.php?rest_route=%2Fwp%2Fv2%2Fcategories&post=27722"},{"taxonomy":"post_tag","embeddable":true,"href":"https:\/\/www.lodelmomentoloja.com\/index.php?rest_route=%2Fwp%2Fv2%2Ftags&post=27722"}],"curies":[{"name":"wp","href":"https:\/\/api.w.org\/{rel}","templated":true}]}}