{"id":27705,"date":"2025-09-09T15:32:16","date_gmt":"2025-09-09T15:32:16","guid":{"rendered":"https:\/\/www.lodelmomentoloja.com\/?p=27705"},"modified":"2025-09-09T20:33:45","modified_gmt":"2025-09-09T20:33:45","slug":"asi-afecta-a-la-provincia-de-loja-la-millonaria-deuda-del-estado-con-los-municipios","status":"publish","type":"post","link":"https:\/\/www.lodelmomentoloja.com\/?p=27705","title":{"rendered":"As\u00ed afecta a la provincia de Loja la millonaria deuda del Estado con los Municipios"},"content":{"rendered":"<p class=\"selectable-text copyable-text x15bjb6t x1n2onr6\"><span class=\"x19la9d6 x1fc57z9 x6ikm8r x10wlt62 x19co3pv x1g5zs5t xfibh0p xiy17q3 x1xsqp64 x1lkfr7t xexx8yu xyri2b x18d9i69 x1c1uobl\"><span class=\"xrtxmta x1bhl96m\"><img loading=\"lazy\" decoding=\"async\" class=\"wp-image-27707 aligncenter\" src=\"http:\/\/www.lodelmomentoloja.com\/wp-content\/uploads\/2025\/09\/VIDEO-2-300x169.jpg\" alt=\"\" width=\"1125\" height=\"634\" srcset=\"https:\/\/www.lodelmomentoloja.com\/wp-content\/uploads\/2025\/09\/VIDEO-2-300x169.jpg 300w, https:\/\/www.lodelmomentoloja.com\/wp-content\/uploads\/2025\/09\/VIDEO-2-1024x576.jpg 1024w, https:\/\/www.lodelmomentoloja.com\/wp-content\/uploads\/2025\/09\/VIDEO-2-768x432.jpg 768w, https:\/\/www.lodelmomentoloja.com\/wp-content\/uploads\/2025\/09\/VIDEO-2-640x360.jpg 640w, https:\/\/www.lodelmomentoloja.com\/wp-content\/uploads\/2025\/09\/VIDEO-2-1536x864.jpg 1536w, https:\/\/www.lodelmomentoloja.com\/wp-content\/uploads\/2025\/09\/VIDEO-2.jpg 1920w\" sizes=\"(max-width: 1125px) 100vw, 1125px\" \/><\/p>\n<p>\ud83e\udd11<\/span><\/span><span class=\"x19la9d6 x1fc57z9 x6ikm8r x10wlt62 x19co3pv x1g5zs5t xfibh0p xiy17q3 x1xsqp64 x1lkfr7t xexx8yu xyri2b x18d9i69 x1c1uobl\"><span class=\"xrtxmta x1bhl96m\">\ud83d\ude24<\/span><\/span><span class=\"x19la9d6 x1fc57z9 x6ikm8r x10wlt62 x19co3pv x1g5zs5t xfibh0p xiy17q3 x1xsqp64 x1lkfr7t xexx8yu xyri2b x18d9i69 x1c1uobl\"><span class=\"xrtxmta x1bhl96m\">\ud83e\udef0\ud83c\udffb<\/span><\/span><span class=\"selectable-text copyable-text xkrh14z\"> \u00a1Loja en el olvido! USD 643,24 millones es la cifra que el Gobierno ecuatoriano adeuda a los GAD\u2019S Municipales, una millonaria deuda que tambi\u00e9n afecta a la provincia de Loja. El presidente de la AME Regional 7, Juan Carlos Sant\u00edn, alcalde de Quilanga menciona que la falta de recursos genera severas crisis en los municipios de la provincia y las gestiones de los asamble\u00edstas brillan por su ausencia. <\/span><\/p>\n<div style=\"width: 640px;\" class=\"wp-video\"><!--[if lt IE 9]><script>document.createElement('video');<\/script><![endif]-->\n<video class=\"wp-video-shortcode\" id=\"video-27705-1\" width=\"640\" height=\"360\" preload=\"metadata\" controls=\"controls\"><source type=\"video\/mp4\" src=\"http:\/\/www.lodelmomentoloja.com\/wp-content\/uploads\/2025\/09\/FALTA-DE-RECURSOS-EN-LA-PROVINCIA-DE-LOJA-REDUCIDO.mp4?_=1\" \/><a href=\"http:\/\/www.lodelmomentoloja.com\/wp-content\/uploads\/2025\/09\/FALTA-DE-RECURSOS-EN-LA-PROVINCIA-DE-LOJA-REDUCIDO.mp4\">http:\/\/www.lodelmomentoloja.com\/wp-content\/uploads\/2025\/09\/FALTA-DE-RECURSOS-EN-LA-PROVINCIA-DE-LOJA-REDUCIDO.mp4<\/a><\/video><\/div>\n<p class=\"selectable-text copyable-text x15bjb6t x1n2onr6\">\n<p>Dichos atrasos oscilar\u00edan entre tres y cinco meses, por lo que la AME pretende tomar algunas medidas, entre ellas, una demanda ante la Corte Constitucional.<\/p>\n<p>El anuncio llega tras la reuni\u00f3n desarrollada el 08 de septiembre, encabezada por el presidente de la AME, Patricio Maldonado, alcalde de Nab\u00f3n. Tras el encuentro, la organizaci\u00f3n emiti\u00f3 un comunicado denunciando que \u201clas deudas del Gobierno Nacional con los municipios\u201d provocan una crisis en las instituciones.<\/p>\n<p>Por su parte, el Consorcio de Gobiernos Aut\u00f3nomos Provinciales del Ecuador (Congope) presidida por el prefecto de El Oro, Clemente Bravo, quien se ha mostrado af\u00edn a la l\u00ednea pol\u00edtica del primer mandatario, difundi\u00f3 un comunicado anunciando que tras un di\u00e1logo constante con el Estado gestionaron pagos de USD 527,7 millones.<\/p>\n<p>\u201cValoramos y agradecemos el compromiso del Ejecutivo para fortalecer la coordinaci\u00f3n con los GAD, lo que ha permitido aliviar las finanzas provinciales y beneficiar a toda la poblaci\u00f3n\u201d, agreg\u00f3 la Congope.<\/p>\n<p>No obstante, tambi\u00e9n demanda al Ministerio de Econom\u00eda y Finanzas la emisi\u00f3n de un Acuerdo Ministerial, que est\u00e1 contemplado en la Ley de Alivio Financiero, para la compensaci\u00f3n inmediata mediante cruce de cuentas en un plazo no mayor a 30 d\u00edas.<\/p>\n<p class=\"selectable-text copyable-text x15bjb6t x1n2onr6\"><span class=\"x19la9d6 x1fc57z9 x6ikm8r x10wlt62 x19co3pv x1g5zs5t xfibh0p xiy17q3 x1xsqp64 x1lkfr7t xexx8yu xyri2b x18d9i69 x1c1uobl\"><span class=\"xrtxmta x1bhl96m\">\ud83c\udf10<\/span><\/span><span class=\"x19la9d6 x1fc57z9 x6ikm8r x10wlt62 x19co3pv x1g5zs5t xfibh0p xiy17q3 x1xsqp64 x1lkfr7t xexx8yu xyri2b x18d9i69 x1c1uobl\"><span class=\"xrtxmta x1bhl96m\">\u2705<\/span><\/span><span class=\"selectable-text copyable-text xkrh14z\"> S\u00edguenos en nuestra p\u00e1gina verificada: <\/span><span class=\"selectable-text copyable-text xkrh14z\">https:\/\/www.facebook.com\/lodelmomentolojaEC<\/span><\/p>\n<p class=\"selectable-text copyable-text x15bjb6t x1n2onr6\"><span class=\"selectable-text copyable-text xkrh14z\">www.lodelmomentoloja.com<\/span><\/p>\n<p class=\"selectable-text copyable-text x15bjb6t x1n2onr6\"><span class=\"selectable-text copyable-text xkrh14z\">#LDMnoticias #lodelmomentolojaLDM<\/span><\/p>\n","protected":false},"excerpt":{"rendered":"<p>\ud83e\udd11\ud83d\ude24\ud83e\udef0\ud83c\udffb \u00a1Loja en el olvido! USD 643,24 millones es la cifra que el Gobierno ecuatoriano&#8230;<\/p>\n","protected":false},"author":1,"featured_media":0,"comment_status":"open","ping_status":"open","sticky":false,"template":"","format":"standard","meta":{"footnotes":""},"categories":[7,1,5],"tags":[],"class_list":["post-27705","post","type-post","status-publish","format-standard","hentry","category-ecuador","category-inicio","category-loja"],"_links":{"self":[{"href":"https:\/\/www.lodelmomentoloja.com\/index.php?rest_route=\/wp\/v2\/posts\/27705"}],"collection":[{"href":"https:\/\/www.lodelmomentoloja.com\/index.php?rest_route=\/wp\/v2\/posts"}],"about":[{"href":"https:\/\/www.lodelmomentoloja.com\/index.php?rest_route=\/wp\/v2\/types\/post"}],"author":[{"embeddable":true,"href":"https:\/\/www.lodelmomentoloja.com\/index.php?rest_route=\/wp\/v2\/users\/1"}],"replies":[{"embeddable":true,"href":"https:\/\/www.lodelmomentoloja.com\/index.php?rest_route=%2Fwp%2Fv2%2Fcomments&post=27705"}],"version-history":[{"count":1,"href":"https:\/\/www.lodelmomentoloja.com\/index.php?rest_route=\/wp\/v2\/posts\/27705\/revisions"}],"predecessor-version":[{"id":27708,"href":"https:\/\/www.lodelmomentoloja.com\/index.php?rest_route=\/wp\/v2\/posts\/27705\/revisions\/27708"}],"wp:attachment":[{"href":"https:\/\/www.lodelmomentoloja.com\/index.php?rest_route=%2Fwp%2Fv2%2Fmedia&parent=27705"}],"wp:term":[{"taxonomy":"category","embeddable":true,"href":"https:\/\/www.lodelmomentoloja.com\/index.php?rest_route=%2Fwp%2Fv2%2Fcategories&post=27705"},{"taxonomy":"post_tag","embeddable":true,"href":"https:\/\/www.lodelmomentoloja.com\/index.php?rest_route=%2Fwp%2Fv2%2Ftags&post=27705"}],"curies":[{"name":"wp","href":"https:\/\/api.w.org\/{rel}","templated":true}]}}