{"id":27702,"date":"2025-09-09T14:35:15","date_gmt":"2025-09-09T14:35:15","guid":{"rendered":"https:\/\/www.lodelmomentoloja.com\/?p=27702"},"modified":"2025-09-09T19:37:12","modified_gmt":"2025-09-09T19:37:12","slug":"enner-valencia-se-despide-de-la-tri","status":"publish","type":"post","link":"https:\/\/www.lodelmomentoloja.com\/?p=27702","title":{"rendered":"ENNER VALENCIA SE DESPIDE DE &#8216;LA TRI&#8217;"},"content":{"rendered":"<p>\ud83c\uddea\ud83c\udde8\u26bd\ud83d\udc10\u00a1El Capi se despide! El m\u00e1ximo goleador ecuatoriano y capit\u00e1n de La &#8216;Tri&#8217; Enner Valencia, tom\u00f3 una decisi\u00f3n trascendental: las Eliminatorias sudamericanas rumbo al Mundial de 2026 ser\u00e1n las \u00faltimas de su carrera en este formato. \u201cDespu\u00e9s de haber pasado tantas cosas en la Selecci\u00f3n, cosas lindas, otras no tanto, pero hemos disfrutado cada momento, S\u00ed (si es su \u00faltimo partido) va a ser algo muy especial, voy a estar con toda mi familia ac\u00e1 en el Estadio por primera vez en un partido de Eliminatorias. Va a ser algo emotivo\u201d, coment\u00f3 Enner.<\/p>\n<p>Aunque lo m\u00e1s probable es que s\u00ed juegue el Mundial de 2026, ese ser\u00eda el \u00faltimo torneo en el que Valencia defienda los colores de la Selecci\u00f3n de Ecuador.<\/p>\n<p>\ud83c\udf10\u2705 S\u00edguenos en nuestra p\u00e1gina verificada: https:\/\/www.facebook.com\/lodelmomentolojaEC<\/p>\n<p>www.lodelmomentoloja.com<br \/>\n<a class=\"x1i10hfl xjbqb8w x1ejq31n x18oe1m7 x1sy0etr xstzfhl x972fbf x10w94by x1qhh985 x14e42zd x9f619 x1ypdohk xt0psk2 x3ct3a4 xdj266r x14z9mp xat24cr x1lziwak xexx8yu xyri2b x18d9i69 x1c1uobl x16tdsg8 x1hl2dhg xggy1nq x1a2a7pz _aa9_ _a6hd\" tabindex=\"0\" role=\"link\" href=\"https:\/\/www.instagram.com\/explore\/tags\/ldmnoticias\/\">#LDMnoticias<\/a>\u00a0<a class=\"x1i10hfl xjbqb8w x1ejq31n x18oe1m7 x1sy0etr xstzfhl x972fbf x10w94by x1qhh985 x14e42zd x9f619 x1ypdohk xt0psk2 x3ct3a4 xdj266r x14z9mp xat24cr x1lziwak xexx8yu xyri2b x18d9i69 x1c1uobl x16tdsg8 x1hl2dhg xggy1nq x1a2a7pz _aa9_ _a6hd\" tabindex=\"0\" role=\"link\" href=\"https:\/\/www.instagram.com\/explore\/tags\/lodelmomentolojaldm\/\">#lodelmomentolojaLDM<\/a><\/p>\n","protected":false},"excerpt":{"rendered":"<p>\ud83c\uddea\ud83c\udde8\u26bd\ud83d\udc10\u00a1El Capi se despide! El m\u00e1ximo goleador ecuatoriano y capit\u00e1n de La &#8216;Tri&#8217; Enner Valencia,&#8230;<\/p>\n","protected":false},"author":1,"featured_media":27703,"comment_status":"open","ping_status":"open","sticky":false,"template":"","format":"standard","meta":{"footnotes":""},"categories":[7,1,4],"tags":[],"class_list":["post-27702","post","type-post","status-publish","format-standard","has-post-thumbnail","hentry","category-ecuador","category-inicio","category-internacional"],"_links":{"self":[{"href":"https:\/\/www.lodelmomentoloja.com\/index.php?rest_route=\/wp\/v2\/posts\/27702"}],"collection":[{"href":"https:\/\/www.lodelmomentoloja.com\/index.php?rest_route=\/wp\/v2\/posts"}],"about":[{"href":"https:\/\/www.lodelmomentoloja.com\/index.php?rest_route=\/wp\/v2\/types\/post"}],"author":[{"embeddable":true,"href":"https:\/\/www.lodelmomentoloja.com\/index.php?rest_route=\/wp\/v2\/users\/1"}],"replies":[{"embeddable":true,"href":"https:\/\/www.lodelmomentoloja.com\/index.php?rest_route=%2Fwp%2Fv2%2Fcomments&post=27702"}],"version-history":[{"count":1,"href":"https:\/\/www.lodelmomentoloja.com\/index.php?rest_route=\/wp\/v2\/posts\/27702\/revisions"}],"predecessor-version":[{"id":27704,"href":"https:\/\/www.lodelmomentoloja.com\/index.php?rest_route=\/wp\/v2\/posts\/27702\/revisions\/27704"}],"wp:featuredmedia":[{"embeddable":true,"href":"https:\/\/www.lodelmomentoloja.com\/index.php?rest_route=\/wp\/v2\/media\/27703"}],"wp:attachment":[{"href":"https:\/\/www.lodelmomentoloja.com\/index.php?rest_route=%2Fwp%2Fv2%2Fmedia&parent=27702"}],"wp:term":[{"taxonomy":"category","embeddable":true,"href":"https:\/\/www.lodelmomentoloja.com\/index.php?rest_route=%2Fwp%2Fv2%2Fcategories&post=27702"},{"taxonomy":"post_tag","embeddable":true,"href":"https:\/\/www.lodelmomentoloja.com\/index.php?rest_route=%2Fwp%2Fv2%2Ftags&post=27702"}],"curies":[{"name":"wp","href":"https:\/\/api.w.org\/{rel}","templated":true}]}}