{"id":27695,"date":"2025-09-09T11:41:15","date_gmt":"2025-09-09T11:41:15","guid":{"rendered":"https:\/\/www.lodelmomentoloja.com\/?p=27695"},"modified":"2025-09-09T16:43:16","modified_gmt":"2025-09-09T16:43:16","slug":"dra-carlota-ortega-fue-condecorada-por-la-unesco-y-al-uil","status":"publish","type":"post","link":"https:\/\/www.lodelmomentoloja.com\/?p=27695","title":{"rendered":"DRA. CARLOTA ORTEGA FUE CONDECORADA POR LA UNESCO Y AL UIL"},"content":{"rendered":"<p>\ud83d\udc69\ud83c\udffb\u200d\ud83c\udfa4\ud83c\udfc5\ud83d\udcc4\u00a1Orgullo lojano! En la XV gala de reconocimientos por parte de la UNESCO y la UIL, en un aniversario m\u00e1s de las Ciudades Did\u00e1cticas Internacionales, que se llev\u00f3 a cabo en el Teatro Nacional Sucre de Cuenca, se recibi\u00f3 con t\u00edtulos honor\u00edficos y condecoraciones a personajes destacados de la ciudad de Loja, entre ellos la Dra. Carlota quien obtuvo el t\u00edtulo de Pr\u00f3ceres del Desarrollo Ecuador 2025, reconocimiento que comparte con el Sub Oficial Nelson Ortiz. Mientras que, por su parte el requintista Santos Becerra, recibir\u00e1 el t\u00edtulo de L\u00edder Ecuatoriano 2025, todos ellos lojanos.<\/p>\n<p>Cabe destacar que la Dra. hasta la fecha ha recibido 198 condecoraciones y reconocimientos por parte de entidades p\u00fablicas y privadas, siendo considerada como una ilustre muestra y artista \u00edcono de la m\u00fasica a nivel nacional.<\/p>\n<p>\ud83c\udf10\u2705 S\u00edguenos en nuestra p\u00e1gina verificada: https:\/\/www.facebook.com\/lodelmomentolojaEC<\/p>\n<p>www.lodelmomentoloja.com<br \/>\n<a class=\"x1i10hfl xjbqb8w x1ejq31n x18oe1m7 x1sy0etr xstzfhl x972fbf x10w94by x1qhh985 x14e42zd x9f619 x1ypdohk xt0psk2 x3ct3a4 xdj266r x14z9mp xat24cr x1lziwak xexx8yu xyri2b x18d9i69 x1c1uobl x16tdsg8 x1hl2dhg xggy1nq x1a2a7pz  _aa9_ _a6hd\" tabindex=\"0\" role=\"link\" href=\"https:\/\/www.instagram.com\/explore\/tags\/ldmnoticias\/\">#LDMnoticias<\/a>\u00a0<a class=\"x1i10hfl xjbqb8w x1ejq31n x18oe1m7 x1sy0etr xstzfhl x972fbf x10w94by x1qhh985 x14e42zd x9f619 x1ypdohk xt0psk2 x3ct3a4 xdj266r x14z9mp xat24cr x1lziwak xexx8yu xyri2b x18d9i69 x1c1uobl x16tdsg8 x1hl2dhg xggy1nq x1a2a7pz  _aa9_ _a6hd\" tabindex=\"0\" role=\"link\" href=\"https:\/\/www.instagram.com\/explore\/tags\/lodelmomentolojaldm\/\">#lodelmomentolojaLDM<\/a><\/p>\n","protected":false},"excerpt":{"rendered":"<p>\ud83d\udc69\ud83c\udffb\u200d\ud83c\udfa4\ud83c\udfc5\ud83d\udcc4\u00a1Orgullo lojano! En la XV gala de reconocimientos por parte de la UNESCO y la&#8230;<\/p>\n","protected":false},"author":1,"featured_media":27696,"comment_status":"open","ping_status":"open","sticky":false,"template":"","format":"standard","meta":{"footnotes":""},"categories":[7,1,4,5],"tags":[],"class_list":["post-27695","post","type-post","status-publish","format-standard","has-post-thumbnail","hentry","category-ecuador","category-inicio","category-internacional","category-loja"],"_links":{"self":[{"href":"https:\/\/www.lodelmomentoloja.com\/index.php?rest_route=\/wp\/v2\/posts\/27695"}],"collection":[{"href":"https:\/\/www.lodelmomentoloja.com\/index.php?rest_route=\/wp\/v2\/posts"}],"about":[{"href":"https:\/\/www.lodelmomentoloja.com\/index.php?rest_route=\/wp\/v2\/types\/post"}],"author":[{"embeddable":true,"href":"https:\/\/www.lodelmomentoloja.com\/index.php?rest_route=\/wp\/v2\/users\/1"}],"replies":[{"embeddable":true,"href":"https:\/\/www.lodelmomentoloja.com\/index.php?rest_route=%2Fwp%2Fv2%2Fcomments&post=27695"}],"version-history":[{"count":1,"href":"https:\/\/www.lodelmomentoloja.com\/index.php?rest_route=\/wp\/v2\/posts\/27695\/revisions"}],"predecessor-version":[{"id":27697,"href":"https:\/\/www.lodelmomentoloja.com\/index.php?rest_route=\/wp\/v2\/posts\/27695\/revisions\/27697"}],"wp:featuredmedia":[{"embeddable":true,"href":"https:\/\/www.lodelmomentoloja.com\/index.php?rest_route=\/wp\/v2\/media\/27696"}],"wp:attachment":[{"href":"https:\/\/www.lodelmomentoloja.com\/index.php?rest_route=%2Fwp%2Fv2%2Fmedia&parent=27695"}],"wp:term":[{"taxonomy":"category","embeddable":true,"href":"https:\/\/www.lodelmomentoloja.com\/index.php?rest_route=%2Fwp%2Fv2%2Fcategories&post=27695"},{"taxonomy":"post_tag","embeddable":true,"href":"https:\/\/www.lodelmomentoloja.com\/index.php?rest_route=%2Fwp%2Fv2%2Ftags&post=27695"}],"curies":[{"name":"wp","href":"https:\/\/api.w.org\/{rel}","templated":true}]}}