{"id":27680,"date":"2025-09-08T18:46:59","date_gmt":"2025-09-08T18:46:59","guid":{"rendered":"https:\/\/www.lodelmomentoloja.com\/?p=27680"},"modified":"2025-09-08T23:50:01","modified_gmt":"2025-09-08T23:50:01","slug":"varios-incidentes-se-produjeron-en-la-feria-de-loja-donde-hasta-hubo-falsificacion-de-entradas","status":"publish","type":"post","link":"https:\/\/www.lodelmomentoloja.com\/?p=27680","title":{"rendered":"Varios incidentes se produjeron en la Feria de Loja donde hasta hubo falsificaci\u00f3n de entradas"},"content":{"rendered":"<p><img loading=\"lazy\" decoding=\"async\" class=\"alignnone size-medium wp-image-27682\" src=\"http:\/\/www.lodelmomentoloja.com\/wp-content\/uploads\/2025\/09\/VIDEO-3-1-300x169.jpg\" alt=\"\" width=\"300\" height=\"169\" srcset=\"https:\/\/www.lodelmomentoloja.com\/wp-content\/uploads\/2025\/09\/VIDEO-3-1-300x169.jpg 300w, https:\/\/www.lodelmomentoloja.com\/wp-content\/uploads\/2025\/09\/VIDEO-3-1-1024x576.jpg 1024w, https:\/\/www.lodelmomentoloja.com\/wp-content\/uploads\/2025\/09\/VIDEO-3-1-768x432.jpg 768w, https:\/\/www.lodelmomentoloja.com\/wp-content\/uploads\/2025\/09\/VIDEO-3-1-640x360.jpg 640w, https:\/\/www.lodelmomentoloja.com\/wp-content\/uploads\/2025\/09\/VIDEO-3-1-1536x864.jpg 1536w, https:\/\/www.lodelmomentoloja.com\/wp-content\/uploads\/2025\/09\/VIDEO-3-1.jpg 1920w\" sizes=\"(max-width: 300px) 100vw, 300px\" \/><\/p>\n<p>&nbsp;<\/p>\n<p>\ud83d\ude24\ud83c\udfa1\ud83d\udde3\ufe0f \u00a1Caos en la Feria! La Feria de Loja vuelve a estar en el ojo de la pol\u00e9mica tras los incidentes registrados este fin de semana debido a la falta de seguridad que provoc\u00f3 una estampida de personas donde, hasta menores de edad, se vieron involucrados; ante el hecho, promotores culturales locales se pronuncian al respecto.<\/p>\n<div style=\"width: 640px;\" class=\"wp-video\"><!--[if lt IE 9]><script>document.createElement('video');<\/script><![endif]-->\n<video class=\"wp-video-shortcode\" id=\"video-27680-1\" width=\"640\" height=\"360\" preload=\"metadata\" controls=\"controls\"><source type=\"video\/mp4\" src=\"http:\/\/www.lodelmomentoloja.com\/wp-content\/uploads\/2025\/09\/FERIA-DE-LOJA-REDUCIDO.mp4?_=1\" \/><a href=\"http:\/\/www.lodelmomentoloja.com\/wp-content\/uploads\/2025\/09\/FERIA-DE-LOJA-REDUCIDO.mp4\">http:\/\/www.lodelmomentoloja.com\/wp-content\/uploads\/2025\/09\/FERIA-DE-LOJA-REDUCIDO.mp4<\/a><\/video><\/div>\n<p>El \u2018Chicha Mix Fest\u2019 fue uno de los conciertos m\u00e1s esperados por la ciudadan\u00eda lojana y cont\u00f3 con una gran afluencia de personas, pero tambi\u00e9n se vio empa\u00f1ado por una turba de alrededor de 500 asistentes, seg\u00fan la Corporaci\u00f3n de Ferias, que ingresaron a la fuerza a las instalaciones del Complejo Ferial.<\/p>\n<p>Im\u00e1genes que r\u00e1pidamente se viralizaron en redes sociales. Un incidente que se le atribuy\u00f3 a la mala organizaci\u00f3n en materia de seguridad, generando fuertes cr\u00edticas tanto a la Corporaci\u00f3n de Ferias como a la empresa a cargo del evento, puesto que, los controles para el acceso eran escasos. La aglomeraci\u00f3n de p\u00fablico con y sin boleto en la entrada principal, provoc\u00f3 tensi\u00f3n y finalmente la apertura forzada de la puerta para el ingreso.<\/p>\n<p>Una decisi\u00f3n que, seg\u00fan indic\u00f3 el gerente del CFL, fue promovida por los propios directivos de la feria.<\/p>\n<p>A trav\u00e9s de un comunicado la Corporaci\u00f3n le atribuy\u00f3 la responsabilidad del incidente a la empresa que desarroll\u00f3 el concierto, \u201cel personal encargado de la revisi\u00f3n de boletos, contratado por la empresa concesionaria, incumpli\u00f3 la disposici\u00f3n del equipo de la CFL y cerr\u00f3 por unos minutos las puertas\u201d, generando la aglomeraci\u00f3n de personas, recalc\u00f3.<\/p>\n<p>Sin embargo, la falta de un plan de emergencia para casos como estos, tambi\u00e9n gener\u00f3 la reacci\u00f3n de otros promotores culturales locales quienes expresaron su preocupaci\u00f3n ante los hechos.<\/p>\n<p>El descontento de la ciudadan\u00eda no se hizo esperar, y a trav\u00e9s de redes sociales, expusieron su malestar, puesto que, la estampida pudo provocar da\u00f1os irreparables, sobre todo, en su espacio donde hasta menores de edad asist\u00edan en compa\u00f1\u00eda de sus padres.<\/p>\n<p>Por su parte, la productora del \u2018Chicha Mix Fest\u2019 tambi\u00e9n se pronunci\u00f3 al respecto, ofreciendo disculpas por el altercado \u201cla respuesta del p\u00fablico super\u00f3 todas las previsiones iniciales, lo que oblig\u00f3 a implementar medidas adicionales de control y verificaci\u00f3n de boletos\u201d, puntualiza el comunicado.<\/p>\n<p>Un incidente que genera dudas en la ciudadan\u00eda, al no existir las garant\u00edas suficientes en materia de seguridad para este tipo de eventos, poniendo en riesgo la integridad de los presentes; de momento, la organizaci\u00f3n del CFL y promotores culturales analizan lo sucedido.<\/p>\n<p>\ud83c\udf10\u2705 S\u00edguenos en nuestra p\u00e1gina verificada: https:\/\/www.facebook.com\/lodelmomentolojaEC<\/p>\n<p>www.lodelmomentoloja.com<br \/>\n#LDMnoticias #lodelmomentolojaLDM<\/p>\n","protected":false},"excerpt":{"rendered":"<p>&nbsp; \ud83d\ude24\ud83c\udfa1\ud83d\udde3\ufe0f \u00a1Caos en la Feria! La Feria de Loja vuelve a estar en el&#8230;<\/p>\n","protected":false},"author":1,"featured_media":0,"comment_status":"open","ping_status":"open","sticky":false,"template":"","format":"standard","meta":{"footnotes":""},"categories":[7,1,4,5],"tags":[],"class_list":["post-27680","post","type-post","status-publish","format-standard","hentry","category-ecuador","category-inicio","category-internacional","category-loja"],"_links":{"self":[{"href":"https:\/\/www.lodelmomentoloja.com\/index.php?rest_route=\/wp\/v2\/posts\/27680"}],"collection":[{"href":"https:\/\/www.lodelmomentoloja.com\/index.php?rest_route=\/wp\/v2\/posts"}],"about":[{"href":"https:\/\/www.lodelmomentoloja.com\/index.php?rest_route=\/wp\/v2\/types\/post"}],"author":[{"embeddable":true,"href":"https:\/\/www.lodelmomentoloja.com\/index.php?rest_route=\/wp\/v2\/users\/1"}],"replies":[{"embeddable":true,"href":"https:\/\/www.lodelmomentoloja.com\/index.php?rest_route=%2Fwp%2Fv2%2Fcomments&post=27680"}],"version-history":[{"count":1,"href":"https:\/\/www.lodelmomentoloja.com\/index.php?rest_route=\/wp\/v2\/posts\/27680\/revisions"}],"predecessor-version":[{"id":27683,"href":"https:\/\/www.lodelmomentoloja.com\/index.php?rest_route=\/wp\/v2\/posts\/27680\/revisions\/27683"}],"wp:attachment":[{"href":"https:\/\/www.lodelmomentoloja.com\/index.php?rest_route=%2Fwp%2Fv2%2Fmedia&parent=27680"}],"wp:term":[{"taxonomy":"category","embeddable":true,"href":"https:\/\/www.lodelmomentoloja.com\/index.php?rest_route=%2Fwp%2Fv2%2Fcategories&post=27680"},{"taxonomy":"post_tag","embeddable":true,"href":"https:\/\/www.lodelmomentoloja.com\/index.php?rest_route=%2Fwp%2Fv2%2Ftags&post=27680"}],"curies":[{"name":"wp","href":"https:\/\/api.w.org\/{rel}","templated":true}]}}