{"id":27670,"date":"2025-09-08T12:00:57","date_gmt":"2025-09-08T12:00:57","guid":{"rendered":"https:\/\/www.lodelmomentoloja.com\/?p=27670"},"modified":"2025-09-08T20:16:57","modified_gmt":"2025-09-08T20:16:57","slug":"esta-es-la-programacion-por-la-natividad-de-maria-este-08-de-septiembre","status":"publish","type":"post","link":"https:\/\/www.lodelmomentoloja.com\/?p=27670","title":{"rendered":"Esta es la programaci\u00f3n por la Natividad de Mar\u00eda este 08 de septiembre."},"content":{"rendered":"<p class=\"selectable-text copyable-text x15bjb6t x1n2onr6\"><span class=\"x19la9d6 x1fc57z9 x6ikm8r x10wlt62 x19co3pv x1g5zs5t xfibh0p xiy17q3 x1xsqp64 x1lkfr7t xexx8yu xyri2b x18d9i69 x1c1uobl\"><span class=\"xrtxmta x1bhl96m\"><img loading=\"lazy\" decoding=\"async\" class=\"wp-image-27671 aligncenter\" src=\"http:\/\/www.lodelmomentoloja.com\/wp-content\/uploads\/2025\/09\/VIDEO-1-300x169.jpg\" alt=\"\" width=\"1101\" height=\"620\" srcset=\"https:\/\/www.lodelmomentoloja.com\/wp-content\/uploads\/2025\/09\/VIDEO-1-300x169.jpg 300w, https:\/\/www.lodelmomentoloja.com\/wp-content\/uploads\/2025\/09\/VIDEO-1-1024x576.jpg 1024w, https:\/\/www.lodelmomentoloja.com\/wp-content\/uploads\/2025\/09\/VIDEO-1-768x432.jpg 768w, https:\/\/www.lodelmomentoloja.com\/wp-content\/uploads\/2025\/09\/VIDEO-1-640x360.jpg 640w, https:\/\/www.lodelmomentoloja.com\/wp-content\/uploads\/2025\/09\/VIDEO-1-1536x864.jpg 1536w, https:\/\/www.lodelmomentoloja.com\/wp-content\/uploads\/2025\/09\/VIDEO-1.jpg 1920w\" sizes=\"(max-width: 1101px) 100vw, 1101px\" \/><\/span><\/span><\/p>\n<p>\ud83c\udf89<span class=\"x19la9d6 x1fc57z9 x6ikm8r x10wlt62 x19co3pv x1g5zs5t xfibh0p xiy17q3 x1xsqp64 x1lkfr7t xexx8yu xyri2b x18d9i69 x1c1uobl\"><span class=\"xrtxmta x1bhl96m\">\ud83c\udf86<\/span><\/span><span class=\"x19la9d6 x1fc57z9 x6ikm8r x10wlt62 x19co3pv x1g5zs5t xfibh0p xiy17q3 x1xsqp64 x1lkfr7t xexx8yu xyri2b x18d9i69 x1c1uobl\"><span class=\"xrtxmta x1bhl96m\">\ud83d\udc78\ud83c\udffb<\/span><\/span><span class=\"selectable-text copyable-text xkrh14z\"> \u00a1Con fe y devoci\u00f3n! Con mensajes de esperanza y devoci\u00f3n a la Reina de El Cisne, es como cientos de devotos se dieron cita hasta los exteriores de la Iglesia La Catedral este lunes 08 de septiembre, para vivir con mucha alegr\u00eda la Natividad de la Virgen Mar\u00eda, aqu\u00ed los detalles:<\/span><\/p>\n<div style=\"width: 640px;\" class=\"wp-video\"><!--[if lt IE 9]><script>document.createElement('video');<\/script><![endif]-->\n<video class=\"wp-video-shortcode\" id=\"video-27670-1\" width=\"640\" height=\"360\" preload=\"metadata\" controls=\"controls\"><source type=\"video\/mp4\" src=\"http:\/\/www.lodelmomentoloja.com\/wp-content\/uploads\/2025\/09\/FESTIVIDADES-DEL-08-DE-SEPTIEMBRE-REDUCIDO.mp4?_=1\" \/><a href=\"http:\/\/www.lodelmomentoloja.com\/wp-content\/uploads\/2025\/09\/FESTIVIDADES-DEL-08-DE-SEPTIEMBRE-REDUCIDO.mp4\">http:\/\/www.lodelmomentoloja.com\/wp-content\/uploads\/2025\/09\/FESTIVIDADES-DEL-08-DE-SEPTIEMBRE-REDUCIDO.mp4<\/a><\/video><\/div>\n<p>Llenos de nostalgia y gratitud nos comentan su fe por esta advocaci\u00f3n mariana.<\/p>\n<p>La programaci\u00f3n inici\u00f3 desde muy tempranas horas del d\u00eda con las tradicionales Ma\u00f1anitas con la participaci\u00f3n de artistas invitados como M\u00e1ximo Escaleras, posteriormente, a las 10H00 se celebr\u00f3 la Santa Eucarist\u00eda presidida por el cardenal Luis Cabrera.<\/p>\n<p>Luego, la Portentosa Imagen realiz\u00f3 una procesi\u00f3n en el casco c\u00e9ntrico de la ciudad, acompa\u00f1ada de sus fieles, recorri\u00f3 las calles Bernardo Valdivieso, Imbabura, Bol\u00edvar y Jos\u00e9 Antonio Eguiguren para luego retornar a La Catedral.<\/p>\n<p>Las festividades en honor al Natalicio de Mar\u00eda, la \u00faltima Noche del Peregrino iniciar\u00e1 a partir de las 20H00 y los priostes han preparado la quema de los 12 castillos, entre ellos, uno de 12 pisos considerado uno de los m\u00e1s atractivos de esta edici\u00f3n. La participaci\u00f3n de los priostes culminar\u00e1 el martes 09 de septiembre con una eucarist\u00eda programada para las 08H30 cerrando su participaci\u00f3n.<\/p>\n<p>Para los devotos de \u2018La Churonita\u2019 como muchos la llaman de cari\u00f1o, es una fecha para rendir homenaje y dar gracias por los favores recibidos como s\u00edmbolo de fe y devoci\u00f3n a Mar\u00eda.<\/p>\n<p class=\"selectable-text copyable-text x15bjb6t x1n2onr6\"><span class=\"x19la9d6 x1fc57z9 x6ikm8r x10wlt62 x19co3pv x1g5zs5t xfibh0p xiy17q3 x1xsqp64 x1lkfr7t xexx8yu xyri2b x18d9i69 x1c1uobl\"><span class=\"xrtxmta x1bhl96m\">\ud83c\udf10<\/span><\/span><span class=\"x19la9d6 x1fc57z9 x6ikm8r x10wlt62 x19co3pv x1g5zs5t xfibh0p xiy17q3 x1xsqp64 x1lkfr7t xexx8yu xyri2b x18d9i69 x1c1uobl\"><span class=\"xrtxmta x1bhl96m\">\u2705<\/span><\/span><span class=\"selectable-text copyable-text xkrh14z\"> S\u00edguenos en nuestra p\u00e1gina verificada: <\/span><span class=\"selectable-text copyable-text xkrh14z\">https:\/\/www.facebook.com\/lodelmomentolojaEC<\/span><\/p>\n<p class=\"selectable-text copyable-text x15bjb6t x1n2onr6\"><span class=\"selectable-text copyable-text xkrh14z\">www.lodelmomentoloja.com<\/span><\/p>\n<p class=\"selectable-text copyable-text x15bjb6t x1n2onr6\"><span class=\"selectable-text copyable-text xkrh14z\">#LDMnoticias #lodelmomentolojaLDM<\/span><\/p>\n","protected":false},"excerpt":{"rendered":"<p>\ud83c\udf89\ud83c\udf86\ud83d\udc78\ud83c\udffb \u00a1Con fe y devoci\u00f3n! Con mensajes de esperanza y devoci\u00f3n a la Reina de&#8230;<\/p>\n","protected":false},"author":1,"featured_media":0,"comment_status":"open","ping_status":"open","sticky":false,"template":"","format":"standard","meta":{"footnotes":""},"categories":[7,1,5],"tags":[],"class_list":["post-27670","post","type-post","status-publish","format-standard","hentry","category-ecuador","category-inicio","category-loja"],"_links":{"self":[{"href":"https:\/\/www.lodelmomentoloja.com\/index.php?rest_route=\/wp\/v2\/posts\/27670"}],"collection":[{"href":"https:\/\/www.lodelmomentoloja.com\/index.php?rest_route=\/wp\/v2\/posts"}],"about":[{"href":"https:\/\/www.lodelmomentoloja.com\/index.php?rest_route=\/wp\/v2\/types\/post"}],"author":[{"embeddable":true,"href":"https:\/\/www.lodelmomentoloja.com\/index.php?rest_route=\/wp\/v2\/users\/1"}],"replies":[{"embeddable":true,"href":"https:\/\/www.lodelmomentoloja.com\/index.php?rest_route=%2Fwp%2Fv2%2Fcomments&post=27670"}],"version-history":[{"count":3,"href":"https:\/\/www.lodelmomentoloja.com\/index.php?rest_route=\/wp\/v2\/posts\/27670\/revisions"}],"predecessor-version":[{"id":27675,"href":"https:\/\/www.lodelmomentoloja.com\/index.php?rest_route=\/wp\/v2\/posts\/27670\/revisions\/27675"}],"wp:attachment":[{"href":"https:\/\/www.lodelmomentoloja.com\/index.php?rest_route=%2Fwp%2Fv2%2Fmedia&parent=27670"}],"wp:term":[{"taxonomy":"category","embeddable":true,"href":"https:\/\/www.lodelmomentoloja.com\/index.php?rest_route=%2Fwp%2Fv2%2Fcategories&post=27670"},{"taxonomy":"post_tag","embeddable":true,"href":"https:\/\/www.lodelmomentoloja.com\/index.php?rest_route=%2Fwp%2Fv2%2Ftags&post=27670"}],"curies":[{"name":"wp","href":"https:\/\/api.w.org\/{rel}","templated":true}]}}