{"id":27663,"date":"2025-09-08T10:18:51","date_gmt":"2025-09-08T10:18:51","guid":{"rendered":"https:\/\/www.lodelmomentoloja.com\/?p=27663"},"modified":"2025-09-08T16:52:36","modified_gmt":"2025-09-08T16:52:36","slug":"carlo-cutis-fue-canonizado-por-el-papa-leon-xiv","status":"publish","type":"post","link":"https:\/\/www.lodelmomentoloja.com\/?p=27663","title":{"rendered":"CARLO CUTIS FUE CANONIZADO POR EL PAPA LE\u00d3N XIV"},"content":{"rendered":"<p>\u26ea\ud83d\ude4f\ud83c\udffb\ud83d\udcff\u00a1Santo adolescente! El papa Le\u00f3n XIV canoniz\u00f3 este domingo (07 de septiembre) en una ceremonia en la Plaza de San Pedro del Vaticano ante decenas de miles de fieles a Carlo Acutis, el joven que f4ll3c1\u00f3 en 2006 a los 15 a\u00f1os y que se convierte as\u00ed en el primer santo millenial, por haber utilizado la web para hablar de religi\u00f3n a sus coet\u00e1neos.<\/p>\n<p>Acutis fue beatificado el pasado 10 octubre de 2020 en la bas\u00edlica de San Francisco de As\u00eds y en mayo de 2024 se conoci\u00f3 que el Papa hab\u00eda firmado el decreto para su canonizaci\u00f3n, que deb\u00eda haberse realizado el 27 de abril de este a\u00f1o, pero se aplaz\u00f3 tras el deceso del papa Francisco.<\/p>\n<p>\ud83c\udf10\u2705 S\u00edguenos en nuestra p\u00e1gina verificada: https:\/\/www.facebook.com\/lodelmomentolojaEC<\/p>\n<p>www.lodelmomentoloja.com<br \/>\n<a class=\"x1i10hfl xjbqb8w x1ejq31n x18oe1m7 x1sy0etr xstzfhl x972fbf x10w94by x1qhh985 x14e42zd x9f619 x1ypdohk xt0psk2 x3ct3a4 xdj266r x14z9mp xat24cr x1lziwak xexx8yu xyri2b x18d9i69 x1c1uobl x16tdsg8 x1hl2dhg xggy1nq x1a2a7pz _aa9_ _a6hd\" tabindex=\"0\" role=\"link\" href=\"https:\/\/www.instagram.com\/explore\/tags\/ldmnoticias\/\">#LDMnoticias<\/a>\u00a0<a class=\"x1i10hfl xjbqb8w x1ejq31n x18oe1m7 x1sy0etr xstzfhl x972fbf x10w94by x1qhh985 x14e42zd x9f619 x1ypdohk xt0psk2 x3ct3a4 xdj266r x14z9mp xat24cr x1lziwak xexx8yu xyri2b x18d9i69 x1c1uobl x16tdsg8 x1hl2dhg xggy1nq x1a2a7pz _aa9_ _a6hd\" tabindex=\"0\" role=\"link\" href=\"https:\/\/www.instagram.com\/explore\/tags\/lodelmomentolojaldm\/\">#lodelmomentolojaLDM<\/a><\/p>\n","protected":false},"excerpt":{"rendered":"<p>\u26ea\ud83d\ude4f\ud83c\udffb\ud83d\udcff\u00a1Santo adolescente! El papa Le\u00f3n XIV canoniz\u00f3 este domingo (07 de septiembre) en una ceremonia&#8230;<\/p>\n","protected":false},"author":1,"featured_media":27664,"comment_status":"open","ping_status":"open","sticky":false,"template":"","format":"standard","meta":{"footnotes":""},"categories":[7,1,4],"tags":[],"class_list":["post-27663","post","type-post","status-publish","format-standard","has-post-thumbnail","hentry","category-ecuador","category-inicio","category-internacional"],"_links":{"self":[{"href":"https:\/\/www.lodelmomentoloja.com\/index.php?rest_route=\/wp\/v2\/posts\/27663"}],"collection":[{"href":"https:\/\/www.lodelmomentoloja.com\/index.php?rest_route=\/wp\/v2\/posts"}],"about":[{"href":"https:\/\/www.lodelmomentoloja.com\/index.php?rest_route=\/wp\/v2\/types\/post"}],"author":[{"embeddable":true,"href":"https:\/\/www.lodelmomentoloja.com\/index.php?rest_route=\/wp\/v2\/users\/1"}],"replies":[{"embeddable":true,"href":"https:\/\/www.lodelmomentoloja.com\/index.php?rest_route=%2Fwp%2Fv2%2Fcomments&post=27663"}],"version-history":[{"count":2,"href":"https:\/\/www.lodelmomentoloja.com\/index.php?rest_route=\/wp\/v2\/posts\/27663\/revisions"}],"predecessor-version":[{"id":27666,"href":"https:\/\/www.lodelmomentoloja.com\/index.php?rest_route=\/wp\/v2\/posts\/27663\/revisions\/27666"}],"wp:featuredmedia":[{"embeddable":true,"href":"https:\/\/www.lodelmomentoloja.com\/index.php?rest_route=\/wp\/v2\/media\/27664"}],"wp:attachment":[{"href":"https:\/\/www.lodelmomentoloja.com\/index.php?rest_route=%2Fwp%2Fv2%2Fmedia&parent=27663"}],"wp:term":[{"taxonomy":"category","embeddable":true,"href":"https:\/\/www.lodelmomentoloja.com\/index.php?rest_route=%2Fwp%2Fv2%2Fcategories&post=27663"},{"taxonomy":"post_tag","embeddable":true,"href":"https:\/\/www.lodelmomentoloja.com\/index.php?rest_route=%2Fwp%2Fv2%2Ftags&post=27663"}],"curies":[{"name":"wp","href":"https:\/\/api.w.org\/{rel}","templated":true}]}}