{"id":2763,"date":"2021-03-01T09:40:06","date_gmt":"2021-03-01T09:40:06","guid":{"rendered":"http:\/\/www.lodelmomentoloja.com\/?p=2763"},"modified":"2021-03-01T14:50:11","modified_gmt":"2021-03-01T14:50:11","slug":"planifican-la-vi-edicion-del-fiav-loja","status":"publish","type":"post","link":"https:\/\/www.lodelmomentoloja.com\/?p=2763","title":{"rendered":"Planifican la VI edicion del FIAV Loja"},"content":{"rendered":"<p>#Loja | Empiezan a planificar sexta edici\u00f3n del Festival Internacional de Artes Vivas Loja 2021.<\/p>\n<p>La ma\u00f1ana del pasado viernes 26 de febrero se mantuvo una sesi\u00f3n de trabajo con el objetivo de asignar la partida presupuestaria para que la Direcci\u00f3n de Cultura empiece a trabajar en la planificaci\u00f3n y as\u00ed conformar un comit\u00e9 evaluador que no est\u00e9 integrado por dependencias municipales sino por entidades de cultura y universidades.<\/p>\n<p>Efra\u00edn Mu\u00f1oz, coordinador general del Municipio de Loja, mediante rueda de prensa se\u00f1al\u00f3 que conformar esta comisi\u00f3n posibilitar\u00e1 contar con profesionales que califiquen las diferentes postulaciones art\u00edsticas en el \u00e1mbito local, nacional e internacional y seleccionar a las que se presentar\u00e1n en esta edici\u00f3n.<\/p>\n<p>www.lodelmomentoloja.com<br \/>\n#LDMnoticias #lodelmomentolojaLDM<\/p>\n","protected":false},"excerpt":{"rendered":"<p>#Loja | Empiezan a planificar sexta edici\u00f3n del Festival Internacional de Artes Vivas Loja 2021&#8230;.<\/p>\n","protected":false},"author":1,"featured_media":2764,"comment_status":"open","ping_status":"open","sticky":false,"template":"","format":"standard","meta":{"footnotes":""},"categories":[1],"tags":[],"class_list":["post-2763","post","type-post","status-publish","format-standard","has-post-thumbnail","hentry","category-inicio"],"_links":{"self":[{"href":"https:\/\/www.lodelmomentoloja.com\/index.php?rest_route=\/wp\/v2\/posts\/2763"}],"collection":[{"href":"https:\/\/www.lodelmomentoloja.com\/index.php?rest_route=\/wp\/v2\/posts"}],"about":[{"href":"https:\/\/www.lodelmomentoloja.com\/index.php?rest_route=\/wp\/v2\/types\/post"}],"author":[{"embeddable":true,"href":"https:\/\/www.lodelmomentoloja.com\/index.php?rest_route=\/wp\/v2\/users\/1"}],"replies":[{"embeddable":true,"href":"https:\/\/www.lodelmomentoloja.com\/index.php?rest_route=%2Fwp%2Fv2%2Fcomments&post=2763"}],"version-history":[{"count":1,"href":"https:\/\/www.lodelmomentoloja.com\/index.php?rest_route=\/wp\/v2\/posts\/2763\/revisions"}],"predecessor-version":[{"id":2765,"href":"https:\/\/www.lodelmomentoloja.com\/index.php?rest_route=\/wp\/v2\/posts\/2763\/revisions\/2765"}],"wp:featuredmedia":[{"embeddable":true,"href":"https:\/\/www.lodelmomentoloja.com\/index.php?rest_route=\/wp\/v2\/media\/2764"}],"wp:attachment":[{"href":"https:\/\/www.lodelmomentoloja.com\/index.php?rest_route=%2Fwp%2Fv2%2Fmedia&parent=2763"}],"wp:term":[{"taxonomy":"category","embeddable":true,"href":"https:\/\/www.lodelmomentoloja.com\/index.php?rest_route=%2Fwp%2Fv2%2Fcategories&post=2763"},{"taxonomy":"post_tag","embeddable":true,"href":"https:\/\/www.lodelmomentoloja.com\/index.php?rest_route=%2Fwp%2Fv2%2Ftags&post=2763"}],"curies":[{"name":"wp","href":"https:\/\/api.w.org\/{rel}","templated":true}]}}