{"id":27625,"date":"2025-09-04T15:56:11","date_gmt":"2025-09-04T15:56:11","guid":{"rendered":"https:\/\/www.lodelmomentoloja.com\/?p=27625"},"modified":"2025-09-04T20:59:17","modified_gmt":"2025-09-04T20:59:17","slug":"con-palabras-despectivas-hacia-concejales-alcalde-jorge-montero-clausuro-sesion-de-cabildo","status":"publish","type":"post","link":"https:\/\/www.lodelmomentoloja.com\/?p=27625","title":{"rendered":"Con palabras despectivas hacia concejales, alcalde Jorge Montero clausur\u00f3 sesi\u00f3n de Cabildo."},"content":{"rendered":"<p><img loading=\"lazy\" decoding=\"async\" class=\"wp-image-27627 aligncenter\" src=\"http:\/\/www.lodelmomentoloja.com\/wp-content\/uploads\/2025\/09\/WhatsApp-Image-2025-09-04-at-3.22.47-PM-300x169.jpeg\" alt=\"\" width=\"1070\" height=\"603\" srcset=\"https:\/\/www.lodelmomentoloja.com\/wp-content\/uploads\/2025\/09\/WhatsApp-Image-2025-09-04-at-3.22.47-PM-300x169.jpeg 300w, https:\/\/www.lodelmomentoloja.com\/wp-content\/uploads\/2025\/09\/WhatsApp-Image-2025-09-04-at-3.22.47-PM-1024x576.jpeg 1024w, https:\/\/www.lodelmomentoloja.com\/wp-content\/uploads\/2025\/09\/WhatsApp-Image-2025-09-04-at-3.22.47-PM-768x432.jpeg 768w, https:\/\/www.lodelmomentoloja.com\/wp-content\/uploads\/2025\/09\/WhatsApp-Image-2025-09-04-at-3.22.47-PM-640x360.jpeg 640w, https:\/\/www.lodelmomentoloja.com\/wp-content\/uploads\/2025\/09\/WhatsApp-Image-2025-09-04-at-3.22.47-PM-1536x864.jpeg 1536w, https:\/\/www.lodelmomentoloja.com\/wp-content\/uploads\/2025\/09\/WhatsApp-Image-2025-09-04-at-3.22.47-PM.jpeg 1600w\" sizes=\"(max-width: 1070px) 100vw, 1070px\" \/><\/p>\n<p>\ud83d\ude24\ud83d\ude2c\ud83d\udde3\ufe0f \u00a1Les dijo de todo! Con una acalorada discusi\u00f3n y hasta con palabras despectivas entre el alcalde del cant\u00f3n Calvas, Jorge Montero y los concejales del Consejo Municipal fue como termin\u00f3 la sesi\u00f3n de Cabildo desarrollada el 03 de septiembre. Esto luego de que Montero se negara a dar paso para la Remoci\u00f3n de la Secretaria General del Cabildo, lo que hizo que de manera abrupta el alcalde Montero clausurara la sesi\u00f3n.<\/p>\n<div style=\"width: 640px;\" class=\"wp-video\"><!--[if lt IE 9]><script>document.createElement('video');<\/script><![endif]-->\n<video class=\"wp-video-shortcode\" id=\"video-27625-1\" width=\"640\" height=\"360\" preload=\"metadata\" controls=\"controls\"><source type=\"video\/mp4\" src=\"http:\/\/www.lodelmomentoloja.com\/wp-content\/uploads\/2025\/09\/ALTERCADO-EN-EL-CANT_N-CALVAS-REDUCIDO.mp4?_=1\" \/><a href=\"http:\/\/www.lodelmomentoloja.com\/wp-content\/uploads\/2025\/09\/ALTERCADO-EN-EL-CANT_N-CALVAS-REDUCIDO.mp4\">http:\/\/www.lodelmomentoloja.com\/wp-content\/uploads\/2025\/09\/ALTERCADO-EN-EL-CANT_N-CALVAS-REDUCIDO.mp4<\/a><\/video><\/div>\n<p>Pero incidente r\u00e1pidamente subi\u00f3 de tono, desatando la pol\u00e9mica entre los presentes donde, hasta hubo aparentes 4gr3s10n3s verbales por parte de Montero hacia uno de los ediles.<\/p>\n<p>Una situaci\u00f3n que para el edil Israel Cuenca no es nuevo, pues esta no ser\u00eda la primera ocasi\u00f3n en que Montero intentar\u00eda coartar la libertad de expresi\u00f3n del Consejo Municipal intentando, de manera arbitraria, cumplir su voluntad.<\/p>\n<p>Pero \u00bfCu\u00e1l fue la raz\u00f3n para que el Cabildo solicitara se incluya el punto de orden para el cambio de la Secretaria General? Un presunto incumplimiento de funciones ser\u00eda la causa.<\/p>\n<p>Adicional a ello, la concejal Sulay Pinz\u00f3n recalc\u00f3 que esta no ser\u00eda la primera ocasi\u00f3n en que su derecho a la libertad de expresi\u00f3n se ha visto interrumpida ahora, hasta con calificativos despectivos dirigidos al Consejo Municipal, pero no solamente por parte del Montero sino, adem\u00e1s, por su c\u00edrculo familiar.<\/p>\n<p>Un hecho que genera nuevas interrogantes, sobre todo, por la postura del alcalde Jorge Montero de intentar mantener en el cargo a la actual Secretaria quien dicho sea de paso enfrenta procesos legales por no entregar la documentaci\u00f3n solicitada, adem\u00e1s que el Cabildo de Calvas present\u00f3 una resoluci\u00f3n para dicho fin \u00bfCu\u00e1l ser\u00e1 la raz\u00f3n para que el burgomaestre se niegue a incluir el orden del d\u00eda?<\/p>\n<p>\ud83c\udf10\u2705 S\u00edguenos en nuestra p\u00e1gina verificada: https:\/\/www.facebook.com\/lodelmomentolojaEC<\/p>\n<p>www.lodelmomentoloja.com<br \/>\n#LDMnoticias #lodelmomentolojaLDM<\/p>\n","protected":false},"excerpt":{"rendered":"<p>\ud83d\ude24\ud83d\ude2c\ud83d\udde3\ufe0f \u00a1Les dijo de todo! Con una acalorada discusi\u00f3n y hasta con palabras despectivas entre&#8230;<\/p>\n","protected":false},"author":1,"featured_media":0,"comment_status":"open","ping_status":"open","sticky":false,"template":"","format":"standard","meta":{"footnotes":""},"categories":[7,1,5],"tags":[],"class_list":["post-27625","post","type-post","status-publish","format-standard","hentry","category-ecuador","category-inicio","category-loja"],"_links":{"self":[{"href":"https:\/\/www.lodelmomentoloja.com\/index.php?rest_route=\/wp\/v2\/posts\/27625"}],"collection":[{"href":"https:\/\/www.lodelmomentoloja.com\/index.php?rest_route=\/wp\/v2\/posts"}],"about":[{"href":"https:\/\/www.lodelmomentoloja.com\/index.php?rest_route=\/wp\/v2\/types\/post"}],"author":[{"embeddable":true,"href":"https:\/\/www.lodelmomentoloja.com\/index.php?rest_route=\/wp\/v2\/users\/1"}],"replies":[{"embeddable":true,"href":"https:\/\/www.lodelmomentoloja.com\/index.php?rest_route=%2Fwp%2Fv2%2Fcomments&post=27625"}],"version-history":[{"count":1,"href":"https:\/\/www.lodelmomentoloja.com\/index.php?rest_route=\/wp\/v2\/posts\/27625\/revisions"}],"predecessor-version":[{"id":27628,"href":"https:\/\/www.lodelmomentoloja.com\/index.php?rest_route=\/wp\/v2\/posts\/27625\/revisions\/27628"}],"wp:attachment":[{"href":"https:\/\/www.lodelmomentoloja.com\/index.php?rest_route=%2Fwp%2Fv2%2Fmedia&parent=27625"}],"wp:term":[{"taxonomy":"category","embeddable":true,"href":"https:\/\/www.lodelmomentoloja.com\/index.php?rest_route=%2Fwp%2Fv2%2Fcategories&post=27625"},{"taxonomy":"post_tag","embeddable":true,"href":"https:\/\/www.lodelmomentoloja.com\/index.php?rest_route=%2Fwp%2Fv2%2Ftags&post=27625"}],"curies":[{"name":"wp","href":"https:\/\/api.w.org\/{rel}","templated":true}]}}