{"id":27621,"date":"2025-09-04T12:30:32","date_gmt":"2025-09-04T12:30:32","guid":{"rendered":"https:\/\/www.lodelmomentoloja.com\/?p=27621"},"modified":"2025-09-04T17:35:28","modified_gmt":"2025-09-04T17:35:28","slug":"peregrinos-se-pronuncian-sobre-las-posadas-destinadas-en-loja-para-su-llegada","status":"publish","type":"post","link":"https:\/\/www.lodelmomentoloja.com\/?p=27621","title":{"rendered":"Peregrinos se pronuncian sobre las posadas destinadas en Loja para su llegada."},"content":{"rendered":"<p class=\"selectable-text copyable-text x15bjb6t x1n2onr6\"><span class=\"x19la9d6 x1fc57z9 x6ikm8r x10wlt62 x19co3pv x1g5zs5t xfibh0p xiy17q3 x1xsqp64 x1lkfr7t xexx8yu xyri2b x18d9i69 x1c1uobl\"><span class=\"xrtxmta x1bhl96m\"><img loading=\"lazy\" decoding=\"async\" class=\"wp-image-27623 aligncenter\" src=\"http:\/\/www.lodelmomentoloja.com\/wp-content\/uploads\/2025\/09\/WhatsApp-Image-2025-09-04-at-12.01.45-PM-300x169.jpeg\" alt=\"\" width=\"1063\" height=\"599\" srcset=\"https:\/\/www.lodelmomentoloja.com\/wp-content\/uploads\/2025\/09\/WhatsApp-Image-2025-09-04-at-12.01.45-PM-300x169.jpeg 300w, https:\/\/www.lodelmomentoloja.com\/wp-content\/uploads\/2025\/09\/WhatsApp-Image-2025-09-04-at-12.01.45-PM-1024x576.jpeg 1024w, https:\/\/www.lodelmomentoloja.com\/wp-content\/uploads\/2025\/09\/WhatsApp-Image-2025-09-04-at-12.01.45-PM-768x432.jpeg 768w, https:\/\/www.lodelmomentoloja.com\/wp-content\/uploads\/2025\/09\/WhatsApp-Image-2025-09-04-at-12.01.45-PM-640x360.jpeg 640w, https:\/\/www.lodelmomentoloja.com\/wp-content\/uploads\/2025\/09\/WhatsApp-Image-2025-09-04-at-12.01.45-PM-1536x864.jpeg 1536w, https:\/\/www.lodelmomentoloja.com\/wp-content\/uploads\/2025\/09\/WhatsApp-Image-2025-09-04-at-12.01.45-PM.jpeg 1600w\" sizes=\"(max-width: 1063px) 100vw, 1063px\" \/><\/p>\n<p>\ud83c\udf89<\/span><\/span><span class=\"x19la9d6 x1fc57z9 x6ikm8r x10wlt62 x19co3pv x1g5zs5t xfibh0p xiy17q3 x1xsqp64 x1lkfr7t xexx8yu xyri2b x18d9i69 x1c1uobl\"><span class=\"xrtxmta x1bhl96m\">\ud83c\udf86<\/span><\/span><span class=\"x19la9d6 x1fc57z9 x6ikm8r x10wlt62 x19co3pv x1g5zs5t xfibh0p xiy17q3 x1xsqp64 x1lkfr7t xexx8yu xyri2b x18d9i69 x1c1uobl\"><span class=\"xrtxmta x1bhl96m\">\ud83d\udc78\ud83c\udffb<\/span><\/span><span class=\"selectable-text copyable-text xkrh14z\"> \u00a1Opiniones divididas! Los priostes de la Virgen de El Cisne han manifestado su descontento debido a que el Municipio de Loja no estar\u00eda otorgando las tradicionales posadas para hospedarse en la ciudad durante las Noches del Peregrino, una opini\u00f3n que no comparten todos los romeriantes, \u00bfCu\u00e1l fue la respuesta de la alcaldesa de Loja?<\/span><\/p>\n<p class=\"selectable-text copyable-text x15bjb6t x1n2onr6\">\n<div style=\"width: 640px;\" class=\"wp-video\"><!--[if lt IE 9]><script>document.createElement('video');<\/script><![endif]-->\n<video class=\"wp-video-shortcode\" id=\"video-27621-1\" width=\"640\" height=\"360\" preload=\"metadata\" controls=\"controls\"><source type=\"video\/mp4\" src=\"http:\/\/www.lodelmomentoloja.com\/wp-content\/uploads\/2025\/09\/OPINIONES-DIVIDIDAS-REDUCIDO.mp4?_=1\" \/><a href=\"http:\/\/www.lodelmomentoloja.com\/wp-content\/uploads\/2025\/09\/OPINIONES-DIVIDIDAS-REDUCIDO.mp4\">http:\/\/www.lodelmomentoloja.com\/wp-content\/uploads\/2025\/09\/OPINIONES-DIVIDIDAS-REDUCIDO.mp4<\/a><\/video><\/div>\n<p>Una opini\u00f3n que no comparten todos los peregrinos, Luis Morocho, prioste del grupo de feligreses de 03 y 04 de septiembre de la ciudad de Cuenca manifest\u00f3 que no habr\u00eda problema alguno para el desarrollo de las festividades.<\/p>\n<p>Para este a\u00f1o, las autoridades han destinado cuatro puntos de alojamiento para la estad\u00eda de los peregrinos, la escuela 18 de Noviembre, IV Centenario, La Dolorosa y el Campamento Juvenil donde permanecer\u00e1n hasta la culminaci\u00f3n de las fiestas en honor a la Reina del Cisne.<\/p>\n<p>Adicional a ello, la alcaldesa de Loja, Diana Guayanay, tambi\u00e9n se pronunci\u00f3 al respecto, durante sesi\u00f3n de cabildo la m\u00e1xima autoridad cantonal dijo que las tradicionales posadas se mantienen como cada, sin embargo, existen algunos cambios con el objetivo de mantener el orden en la ciudad, aunque no sea competencia del GAD Municipal.<\/p>\n<p>Las Noches del Peregrino contin\u00faan su curso y para este 04 de septiembre la quema de castillos estar\u00e1 acompa\u00f1ada con la presentaci\u00f3n de grandes artistas que engalanar\u00e1n este cuarto d\u00eda de celebraci\u00f3n.<\/p>\n<p>Esta celebraci\u00f3n culminar\u00e1 el 08 de septiembre fecha en la que se celebre la Natividad de Mar\u00eda para lo cual se tiene prevista una misa campal y una peregrinaci\u00f3n por las principales calles de la ciudad.<\/p>\n<p class=\"selectable-text copyable-text x15bjb6t x1n2onr6\"><span class=\"x19la9d6 x1fc57z9 x6ikm8r x10wlt62 x19co3pv x1g5zs5t xfibh0p xiy17q3 x1xsqp64 x1lkfr7t xexx8yu xyri2b x18d9i69 x1c1uobl\"><span class=\"xrtxmta x1bhl96m\">\ud83c\udf10<\/span><\/span><span class=\"x19la9d6 x1fc57z9 x6ikm8r x10wlt62 x19co3pv x1g5zs5t xfibh0p xiy17q3 x1xsqp64 x1lkfr7t xexx8yu xyri2b x18d9i69 x1c1uobl\"><span class=\"xrtxmta x1bhl96m\">\u2705<\/span><\/span><span class=\"selectable-text copyable-text xkrh14z\"> S\u00edguenos en nuestra p\u00e1gina verificada: <\/span><span class=\"selectable-text copyable-text xkrh14z\">https:\/\/www.facebook.com\/lodelmomentolojaEC<\/span><\/p>\n<p class=\"selectable-text copyable-text x15bjb6t x1n2onr6\"><span class=\"selectable-text copyable-text xkrh14z\">www.lodelmomentoloja.com<\/span><\/p>\n<p class=\"selectable-text copyable-text x15bjb6t x1n2onr6\"><span class=\"selectable-text copyable-text xkrh14z\">#LDMnoticias #lodelmomentolojaLDM<\/span><\/p>\n","protected":false},"excerpt":{"rendered":"<p>\ud83c\udf89\ud83c\udf86\ud83d\udc78\ud83c\udffb \u00a1Opiniones divididas! Los priostes de la Virgen de El Cisne han manifestado su descontento&#8230;<\/p>\n","protected":false},"author":1,"featured_media":0,"comment_status":"open","ping_status":"open","sticky":false,"template":"","format":"standard","meta":{"footnotes":""},"categories":[7,1,5],"tags":[],"class_list":["post-27621","post","type-post","status-publish","format-standard","hentry","category-ecuador","category-inicio","category-loja"],"_links":{"self":[{"href":"https:\/\/www.lodelmomentoloja.com\/index.php?rest_route=\/wp\/v2\/posts\/27621"}],"collection":[{"href":"https:\/\/www.lodelmomentoloja.com\/index.php?rest_route=\/wp\/v2\/posts"}],"about":[{"href":"https:\/\/www.lodelmomentoloja.com\/index.php?rest_route=\/wp\/v2\/types\/post"}],"author":[{"embeddable":true,"href":"https:\/\/www.lodelmomentoloja.com\/index.php?rest_route=\/wp\/v2\/users\/1"}],"replies":[{"embeddable":true,"href":"https:\/\/www.lodelmomentoloja.com\/index.php?rest_route=%2Fwp%2Fv2%2Fcomments&post=27621"}],"version-history":[{"count":1,"href":"https:\/\/www.lodelmomentoloja.com\/index.php?rest_route=\/wp\/v2\/posts\/27621\/revisions"}],"predecessor-version":[{"id":27624,"href":"https:\/\/www.lodelmomentoloja.com\/index.php?rest_route=\/wp\/v2\/posts\/27621\/revisions\/27624"}],"wp:attachment":[{"href":"https:\/\/www.lodelmomentoloja.com\/index.php?rest_route=%2Fwp%2Fv2%2Fmedia&parent=27621"}],"wp:term":[{"taxonomy":"category","embeddable":true,"href":"https:\/\/www.lodelmomentoloja.com\/index.php?rest_route=%2Fwp%2Fv2%2Fcategories&post=27621"},{"taxonomy":"post_tag","embeddable":true,"href":"https:\/\/www.lodelmomentoloja.com\/index.php?rest_route=%2Fwp%2Fv2%2Ftags&post=27621"}],"curies":[{"name":"wp","href":"https:\/\/api.w.org\/{rel}","templated":true}]}}