{"id":27605,"date":"2025-09-04T08:30:51","date_gmt":"2025-09-04T08:30:51","guid":{"rendered":"https:\/\/www.lodelmomentoloja.com\/?p=27605"},"modified":"2025-09-04T16:00:29","modified_gmt":"2025-09-04T16:00:29","slug":"escuadron-de-drones-se-activa-en-ecuador","status":"publish","type":"post","link":"https:\/\/www.lodelmomentoloja.com\/?p=27605","title":{"rendered":"ESCUADR\u00d3N DE DRONES SE ACTIVA EN ECUADOR"},"content":{"rendered":"<p>\ud83d\ude31\ud83d\udea8\ud83e\ude96\u00a1Para combatir el n4rc0tr\u00e1f1c0! La Fuerza A\u00e9rea Ecuatoriana, activaron el escuadr\u00f3n de drones &#8220;Rayo Justiciero&#8221;, como parte del bloque de Seguridad del Gobierno Nacional, con el objetivo de combatir el n4rc0 y estructuras cr1m1n4les en el pa\u00eds. Dichos drones, ya vigilan desde el aire, varias pistas clandestinas, rutas del cr1m3n organizado y zonas de miner\u00eda 1l3g4l. Adem\u00e1s su tecnolog\u00eda permite detectar movimientos sospechosos y alertar en tiempo real, cuentan con sensores infrarrojos, visi\u00f3n nocturna y sistema de transmisi\u00f3n en vivo.<\/p>\n<p>\ud83c\udf10\u2705 S\u00edguenos en nuestra p\u00e1gina verificada: https:\/\/www.facebook.com\/lodelmomentolojaEC<\/p>\n<p>www.lodelmomentoloja.com<br \/>\n<a class=\"x1i10hfl xjbqb8w x1ejq31n x18oe1m7 x1sy0etr xstzfhl x972fbf x10w94by x1qhh985 x14e42zd x9f619 x1ypdohk xt0psk2 x3ct3a4 xdj266r x14z9mp xat24cr x1lziwak xexx8yu xyri2b x18d9i69 x1c1uobl x16tdsg8 x1hl2dhg xggy1nq x1a2a7pz  _aa9_ _a6hd\" tabindex=\"0\" role=\"link\" href=\"https:\/\/www.instagram.com\/explore\/tags\/ldmnoticias\/\">#LDMnoticias<\/a>\u00a0<a class=\"x1i10hfl xjbqb8w x1ejq31n x18oe1m7 x1sy0etr xstzfhl x972fbf x10w94by x1qhh985 x14e42zd x9f619 x1ypdohk xt0psk2 x3ct3a4 xdj266r x14z9mp xat24cr x1lziwak xexx8yu xyri2b x18d9i69 x1c1uobl x16tdsg8 x1hl2dhg xggy1nq x1a2a7pz  _aa9_ _a6hd\" tabindex=\"0\" role=\"link\" href=\"https:\/\/www.instagram.com\/explore\/tags\/lodelmomentolojaldm\/\">#lodelmomentolojaLDM<\/a><\/p>\n","protected":false},"excerpt":{"rendered":"<p>\ud83d\ude31\ud83d\udea8\ud83e\ude96\u00a1Para combatir el n4rc0tr\u00e1f1c0! La Fuerza A\u00e9rea Ecuatoriana, activaron el escuadr\u00f3n de drones &#8220;Rayo Justiciero&#8221;,&#8230;<\/p>\n","protected":false},"author":1,"featured_media":27606,"comment_status":"open","ping_status":"open","sticky":false,"template":"","format":"standard","meta":{"footnotes":""},"categories":[7,1],"tags":[],"class_list":["post-27605","post","type-post","status-publish","format-standard","has-post-thumbnail","hentry","category-ecuador","category-inicio"],"_links":{"self":[{"href":"https:\/\/www.lodelmomentoloja.com\/index.php?rest_route=\/wp\/v2\/posts\/27605"}],"collection":[{"href":"https:\/\/www.lodelmomentoloja.com\/index.php?rest_route=\/wp\/v2\/posts"}],"about":[{"href":"https:\/\/www.lodelmomentoloja.com\/index.php?rest_route=\/wp\/v2\/types\/post"}],"author":[{"embeddable":true,"href":"https:\/\/www.lodelmomentoloja.com\/index.php?rest_route=\/wp\/v2\/users\/1"}],"replies":[{"embeddable":true,"href":"https:\/\/www.lodelmomentoloja.com\/index.php?rest_route=%2Fwp%2Fv2%2Fcomments&post=27605"}],"version-history":[{"count":1,"href":"https:\/\/www.lodelmomentoloja.com\/index.php?rest_route=\/wp\/v2\/posts\/27605\/revisions"}],"predecessor-version":[{"id":27607,"href":"https:\/\/www.lodelmomentoloja.com\/index.php?rest_route=\/wp\/v2\/posts\/27605\/revisions\/27607"}],"wp:featuredmedia":[{"embeddable":true,"href":"https:\/\/www.lodelmomentoloja.com\/index.php?rest_route=\/wp\/v2\/media\/27606"}],"wp:attachment":[{"href":"https:\/\/www.lodelmomentoloja.com\/index.php?rest_route=%2Fwp%2Fv2%2Fmedia&parent=27605"}],"wp:term":[{"taxonomy":"category","embeddable":true,"href":"https:\/\/www.lodelmomentoloja.com\/index.php?rest_route=%2Fwp%2Fv2%2Fcategories&post=27605"},{"taxonomy":"post_tag","embeddable":true,"href":"https:\/\/www.lodelmomentoloja.com\/index.php?rest_route=%2Fwp%2Fv2%2Ftags&post=27605"}],"curies":[{"name":"wp","href":"https:\/\/api.w.org\/{rel}","templated":true}]}}