{"id":2759,"date":"2021-03-01T08:00:06","date_gmt":"2021-03-01T08:00:06","guid":{"rendered":"http:\/\/www.lodelmomentoloja.com\/?p=2759"},"modified":"2021-03-01T13:24:46","modified_gmt":"2021-03-01T13:24:46","slug":"vicealcalde-no-apoyara-la-destitucion-del-alcalde-de-loja","status":"publish","type":"post","link":"https:\/\/www.lodelmomentoloja.com\/?p=2759","title":{"rendered":"Vicealcalde no apoyar\u00e1 la destituci\u00f3n del Alcalde de Loja"},"content":{"rendered":"<div dir=\"auto\">#Loja | Nixon Granda no apoyar\u00e1 la destituci\u00f3n.<\/div>\n<div dir=\"auto\"><\/div>\n<div dir=\"auto\">Tras las disputas que se han generado en el Cabildo de Loja, entre ellas la permanencia del Director Financiero, Nixon Granda expres\u00f3 p\u00fablicamente que no apoyar\u00e1 a Bail\u00f3n mientras contin\u00fae M\u00e1ximo Quizhpe en la Direcci\u00f3n Financiera. Esto de forma paralela, tras haberse incrementado las probabilidades entre varios concejales para realizar una posible remoci\u00f3n del ejecutivo, seg\u00fan el Art 33 del COOTAD sobre las causales para la remoci\u00f3n del ejecutivo de un gobierno aut\u00f3nomo descentralizado, en su literal d) Despilfarro o malos manejos de fondos del gobierno aut\u00f3nomo descentralizado, cuya inversi\u00f3n o empleo sea de su competencia, legal y debidamente comprobado, esto haciendo referencia al \u00faltimo informe de la Contralor\u00eda con respecto al caso Mascarillas.<\/div>\n<div dir=\"auto\"><\/div>\n<div dir=\"auto\">Sin embargo, para el actual vicealcalde Nixon Granda, en el caso de destituir al Alcalde Jorge Bail\u00f3n, dijo que no apoyar\u00e1 ning\u00fan intento de destituci\u00f3n si alg\u00fan concejal propone esta acci\u00f3n y no contar\u00e1n con su voto. &#8220;Yo ser\u00e9 Alcalde de Loja solo con el voto de la ciudadan\u00eda&#8221;, argumentando ante la probabilidad de ascender si se diera una hipot\u00e9tica remoci\u00f3n.<\/div>\n<div dir=\"auto\"><\/div>\n<div dir=\"auto\">\n<p>Este fin de semana, se pudo ver al Alcalde y Vicealcalde en la inauguraci\u00f3n de una cancha deportiva en la ciudadela Alegr\u00eda, ubicada al sur de la ciudad de Loja, acci\u00f3n que resalta la reconciliaci\u00f3n pol\u00edtica entre Bail\u00f3n y Granda.<\/p>\n<p>#LDMnoticias #lodelmomentolojaLDM<\/p>\n<\/div>\n","protected":false},"excerpt":{"rendered":"<p>#Loja | Nixon Granda no apoyar\u00e1 la destituci\u00f3n. Tras las disputas que se han generado&#8230;<\/p>\n","protected":false},"author":1,"featured_media":2760,"comment_status":"open","ping_status":"open","sticky":false,"template":"","format":"standard","meta":{"footnotes":""},"categories":[7,1],"tags":[],"class_list":["post-2759","post","type-post","status-publish","format-standard","has-post-thumbnail","hentry","category-ecuador","category-inicio"],"_links":{"self":[{"href":"https:\/\/www.lodelmomentoloja.com\/index.php?rest_route=\/wp\/v2\/posts\/2759"}],"collection":[{"href":"https:\/\/www.lodelmomentoloja.com\/index.php?rest_route=\/wp\/v2\/posts"}],"about":[{"href":"https:\/\/www.lodelmomentoloja.com\/index.php?rest_route=\/wp\/v2\/types\/post"}],"author":[{"embeddable":true,"href":"https:\/\/www.lodelmomentoloja.com\/index.php?rest_route=\/wp\/v2\/users\/1"}],"replies":[{"embeddable":true,"href":"https:\/\/www.lodelmomentoloja.com\/index.php?rest_route=%2Fwp%2Fv2%2Fcomments&post=2759"}],"version-history":[{"count":2,"href":"https:\/\/www.lodelmomentoloja.com\/index.php?rest_route=\/wp\/v2\/posts\/2759\/revisions"}],"predecessor-version":[{"id":2762,"href":"https:\/\/www.lodelmomentoloja.com\/index.php?rest_route=\/wp\/v2\/posts\/2759\/revisions\/2762"}],"wp:featuredmedia":[{"embeddable":true,"href":"https:\/\/www.lodelmomentoloja.com\/index.php?rest_route=\/wp\/v2\/media\/2760"}],"wp:attachment":[{"href":"https:\/\/www.lodelmomentoloja.com\/index.php?rest_route=%2Fwp%2Fv2%2Fmedia&parent=2759"}],"wp:term":[{"taxonomy":"category","embeddable":true,"href":"https:\/\/www.lodelmomentoloja.com\/index.php?rest_route=%2Fwp%2Fv2%2Fcategories&post=2759"},{"taxonomy":"post_tag","embeddable":true,"href":"https:\/\/www.lodelmomentoloja.com\/index.php?rest_route=%2Fwp%2Fv2%2Ftags&post=2759"}],"curies":[{"name":"wp","href":"https:\/\/api.w.org\/{rel}","templated":true}]}}