{"id":27587,"date":"2025-09-03T09:42:54","date_gmt":"2025-09-03T09:42:54","guid":{"rendered":"https:\/\/www.lodelmomentoloja.com\/?p=27587"},"modified":"2025-09-03T16:43:45","modified_gmt":"2025-09-03T16:43:45","slug":"asambleista-chamba-no-recibira-sancion","status":"publish","type":"post","link":"https:\/\/www.lodelmomentoloja.com\/?p=27587","title":{"rendered":"ASAMBLE\u00cdSTA CHAMBA NO RECIBIR\u00c1 SANCI\u00d3N"},"content":{"rendered":"<p>\ud83d\ude31\ud83d\udde3\ufe0f\ud83d\udeab\u00a1No hay problema! El Consejo de Administraci\u00f3n Legislativa (CAL), integrado solo por legisladores del oficialismo, archiv\u00f3 la queja que se present\u00f3 en contra del asamble\u00edsta de sus filas, Jorge Chamba. El presidente de lla Asamblea, Niels Olsen, tambi\u00e9n de ADN, dijo que el CAL no dio tr\u00e1mite a la sanci\u00f3n contra Chamba porque no posee relaci\u00f3n civil, como matrimonio o uni\u00f3n de hecho, con la madre de sus hijos.<\/p>\n<p>Chamba, quien antes fue legislador de Construye, fue acusado por C\u00e9sar Palacios (RC) de contratar a un familiar, pese a que est\u00e1 prohibido. Pues el legislador, incluy\u00f3 en su equipo de trabajo en la Asamblea Nacional, como su asesora, a Lindsy Mac\u00edas Alarc\u00f3n, quien seg\u00fan publicaciones en sus redes sociales es madre de su hija. Cabe destacar que Mac\u00edas, present\u00f3 su renuncia al cargo el pasado 22 de agosto del 2025.<\/p>\n<p>\ud83c\udf10\u2705 S\u00edguenos en nuestra p\u00e1gina verificada: https:\/\/www.facebook.com\/lodelmomentolojaEC<\/p>\n<p>www.lodelmomentoloja.com<br \/>\n<a class=\"x1i10hfl xjbqb8w x1ejq31n x18oe1m7 x1sy0etr xstzfhl x972fbf x10w94by x1qhh985 x14e42zd x9f619 x1ypdohk xt0psk2 x3ct3a4 xdj266r x14z9mp xat24cr x1lziwak xexx8yu xyri2b x18d9i69 x1c1uobl x16tdsg8 x1hl2dhg xggy1nq x1a2a7pz  _aa9_ _a6hd\" tabindex=\"0\" role=\"link\" href=\"https:\/\/www.instagram.com\/explore\/tags\/ldmnoticias\/\">#LDMnoticias<\/a>\u00a0<a class=\"x1i10hfl xjbqb8w x1ejq31n x18oe1m7 x1sy0etr xstzfhl x972fbf x10w94by x1qhh985 x14e42zd x9f619 x1ypdohk xt0psk2 x3ct3a4 xdj266r x14z9mp xat24cr x1lziwak xexx8yu xyri2b x18d9i69 x1c1uobl x16tdsg8 x1hl2dhg xggy1nq x1a2a7pz  _aa9_ _a6hd\" tabindex=\"0\" role=\"link\" href=\"https:\/\/www.instagram.com\/explore\/tags\/lodelmomentolojaldm\/\">#lodelmomentolojaLDM<\/a><\/p>\n","protected":false},"excerpt":{"rendered":"<p>\ud83d\ude31\ud83d\udde3\ufe0f\ud83d\udeab\u00a1No hay problema! El Consejo de Administraci\u00f3n Legislativa (CAL), integrado solo por legisladores del oficialismo,&#8230;<\/p>\n","protected":false},"author":1,"featured_media":27588,"comment_status":"open","ping_status":"open","sticky":false,"template":"","format":"standard","meta":{"footnotes":""},"categories":[7,1,5],"tags":[],"class_list":["post-27587","post","type-post","status-publish","format-standard","has-post-thumbnail","hentry","category-ecuador","category-inicio","category-loja"],"_links":{"self":[{"href":"https:\/\/www.lodelmomentoloja.com\/index.php?rest_route=\/wp\/v2\/posts\/27587"}],"collection":[{"href":"https:\/\/www.lodelmomentoloja.com\/index.php?rest_route=\/wp\/v2\/posts"}],"about":[{"href":"https:\/\/www.lodelmomentoloja.com\/index.php?rest_route=\/wp\/v2\/types\/post"}],"author":[{"embeddable":true,"href":"https:\/\/www.lodelmomentoloja.com\/index.php?rest_route=\/wp\/v2\/users\/1"}],"replies":[{"embeddable":true,"href":"https:\/\/www.lodelmomentoloja.com\/index.php?rest_route=%2Fwp%2Fv2%2Fcomments&post=27587"}],"version-history":[{"count":1,"href":"https:\/\/www.lodelmomentoloja.com\/index.php?rest_route=\/wp\/v2\/posts\/27587\/revisions"}],"predecessor-version":[{"id":27589,"href":"https:\/\/www.lodelmomentoloja.com\/index.php?rest_route=\/wp\/v2\/posts\/27587\/revisions\/27589"}],"wp:featuredmedia":[{"embeddable":true,"href":"https:\/\/www.lodelmomentoloja.com\/index.php?rest_route=\/wp\/v2\/media\/27588"}],"wp:attachment":[{"href":"https:\/\/www.lodelmomentoloja.com\/index.php?rest_route=%2Fwp%2Fv2%2Fmedia&parent=27587"}],"wp:term":[{"taxonomy":"category","embeddable":true,"href":"https:\/\/www.lodelmomentoloja.com\/index.php?rest_route=%2Fwp%2Fv2%2Fcategories&post=27587"},{"taxonomy":"post_tag","embeddable":true,"href":"https:\/\/www.lodelmomentoloja.com\/index.php?rest_route=%2Fwp%2Fv2%2Ftags&post=27587"}],"curies":[{"name":"wp","href":"https:\/\/api.w.org\/{rel}","templated":true}]}}