{"id":27584,"date":"2025-09-03T08:41:17","date_gmt":"2025-09-03T08:41:17","guid":{"rendered":"https:\/\/www.lodelmomentoloja.com\/?p=27584"},"modified":"2025-09-03T16:42:44","modified_gmt":"2025-09-03T16:42:44","slug":"dos-conciertos-este-fin-de-semana-en-loja","status":"publish","type":"post","link":"https:\/\/www.lodelmomentoloja.com\/?p=27584","title":{"rendered":"DOS CONCIERTOS ESTE FIN DE SEMANA EN LOJA"},"content":{"rendered":"<p>\ud83d\udc83\ud83c\udffb\ud83e\udd29\ud83c\udfb6 \u00a1La m\u00fasica pepa! Este fin de semana, en la Explanada del Complejo Ferial, dos eventos con inversi\u00f3n privada se dar\u00e1n en la ciudad de Loja con la mejor salsa bajo la organizaci\u00f3n de Show Team y el Chicha Mix Fest con Narro Producciones, dos eventos de alto nivel para todos los gustos.<\/p>\n<p>\ud83d\uddd3\ufe0f viernes 05 de septiembre con Grupo Gal\u00e9 \ud83c\udde8\ud83c\uddf4, artistas invitados: Marcela Alejandra y Jay Cabrera.<\/p>\n<p>\ud83d\uddd3\ufe0f S\u00e1bado 06 de septiembre con lo mejor de \ud83c\uddea\ud83c\udde8 Byron Caicedo, Los B\u00fafalos, Mar\u00eda de los \u00c1ngeles, Las Chicas Dulces, Constelaci\u00f3n Vallenata, Gonga Mulata y Cinthia Durazno.<\/p>\n<p>\u00a1Atentos! LDM sortear\u00e1 entradas para ambos eventos \ud83d\ude09.<\/p>\n<p>\ud83c\udf10\u2705 S\u00edguenos en nuestra p\u00e1gina verificada: https:\/\/www.facebook.com\/lodelmomentolojaEC<\/p>\n<p>www.lodelmomentoloja.com<br \/>\n<a class=\"x1i10hfl xjbqb8w x1ejq31n x18oe1m7 x1sy0etr xstzfhl x972fbf x10w94by x1qhh985 x14e42zd x9f619 x1ypdohk xt0psk2 x3ct3a4 xdj266r x14z9mp xat24cr x1lziwak xexx8yu xyri2b x18d9i69 x1c1uobl x16tdsg8 x1hl2dhg xggy1nq x1a2a7pz  _aa9_ _a6hd\" tabindex=\"0\" role=\"link\" href=\"https:\/\/www.instagram.com\/explore\/tags\/ldmnoticias\/\">#LDMnoticias<\/a>\u00a0<a class=\"x1i10hfl xjbqb8w x1ejq31n x18oe1m7 x1sy0etr xstzfhl x972fbf x10w94by x1qhh985 x14e42zd x9f619 x1ypdohk xt0psk2 x3ct3a4 xdj266r x14z9mp xat24cr x1lziwak xexx8yu xyri2b x18d9i69 x1c1uobl x16tdsg8 x1hl2dhg xggy1nq x1a2a7pz  _aa9_ _a6hd\" tabindex=\"0\" role=\"link\" href=\"https:\/\/www.instagram.com\/explore\/tags\/lodelmomentolojaldm\/\">#lodelmomentolojaLDM<\/a><\/p>\n","protected":false},"excerpt":{"rendered":"<p>\ud83d\udc83\ud83c\udffb\ud83e\udd29\ud83c\udfb6 \u00a1La m\u00fasica pepa! Este fin de semana, en la Explanada del Complejo Ferial, dos&#8230;<\/p>\n","protected":false},"author":1,"featured_media":27585,"comment_status":"open","ping_status":"open","sticky":false,"template":"","format":"standard","meta":{"footnotes":""},"categories":[7,1,5],"tags":[],"class_list":["post-27584","post","type-post","status-publish","format-standard","has-post-thumbnail","hentry","category-ecuador","category-inicio","category-loja"],"_links":{"self":[{"href":"https:\/\/www.lodelmomentoloja.com\/index.php?rest_route=\/wp\/v2\/posts\/27584"}],"collection":[{"href":"https:\/\/www.lodelmomentoloja.com\/index.php?rest_route=\/wp\/v2\/posts"}],"about":[{"href":"https:\/\/www.lodelmomentoloja.com\/index.php?rest_route=\/wp\/v2\/types\/post"}],"author":[{"embeddable":true,"href":"https:\/\/www.lodelmomentoloja.com\/index.php?rest_route=\/wp\/v2\/users\/1"}],"replies":[{"embeddable":true,"href":"https:\/\/www.lodelmomentoloja.com\/index.php?rest_route=%2Fwp%2Fv2%2Fcomments&post=27584"}],"version-history":[{"count":1,"href":"https:\/\/www.lodelmomentoloja.com\/index.php?rest_route=\/wp\/v2\/posts\/27584\/revisions"}],"predecessor-version":[{"id":27586,"href":"https:\/\/www.lodelmomentoloja.com\/index.php?rest_route=\/wp\/v2\/posts\/27584\/revisions\/27586"}],"wp:featuredmedia":[{"embeddable":true,"href":"https:\/\/www.lodelmomentoloja.com\/index.php?rest_route=\/wp\/v2\/media\/27585"}],"wp:attachment":[{"href":"https:\/\/www.lodelmomentoloja.com\/index.php?rest_route=%2Fwp%2Fv2%2Fmedia&parent=27584"}],"wp:term":[{"taxonomy":"category","embeddable":true,"href":"https:\/\/www.lodelmomentoloja.com\/index.php?rest_route=%2Fwp%2Fv2%2Fcategories&post=27584"},{"taxonomy":"post_tag","embeddable":true,"href":"https:\/\/www.lodelmomentoloja.com\/index.php?rest_route=%2Fwp%2Fv2%2Ftags&post=27584"}],"curies":[{"name":"wp","href":"https:\/\/api.w.org\/{rel}","templated":true}]}}