{"id":27561,"date":"2025-09-02T11:23:12","date_gmt":"2025-09-02T11:23:12","guid":{"rendered":"https:\/\/www.lodelmomentoloja.com\/?p=27561"},"modified":"2025-09-02T16:29:33","modified_gmt":"2025-09-02T16:29:33","slug":"27561","status":"publish","type":"post","link":"https:\/\/www.lodelmomentoloja.com\/?p=27561","title":{"rendered":"Las festividades en honor a Mar\u00eda iniciaron con la quem4 de cuatro castillos."},"content":{"rendered":"<p><img loading=\"lazy\" decoding=\"async\" class=\" wp-image-27569 aligncenter\" src=\"http:\/\/www.lodelmomentoloja.com\/wp-content\/uploads\/2025\/09\/IMG-20250902-WA0034-300x169.jpg\" alt=\"\" width=\"882\" height=\"497\" srcset=\"https:\/\/www.lodelmomentoloja.com\/wp-content\/uploads\/2025\/09\/IMG-20250902-WA0034-300x169.jpg 300w, https:\/\/www.lodelmomentoloja.com\/wp-content\/uploads\/2025\/09\/IMG-20250902-WA0034-1024x576.jpg 1024w, https:\/\/www.lodelmomentoloja.com\/wp-content\/uploads\/2025\/09\/IMG-20250902-WA0034-768x432.jpg 768w, https:\/\/www.lodelmomentoloja.com\/wp-content\/uploads\/2025\/09\/IMG-20250902-WA0034-640x360.jpg 640w, https:\/\/www.lodelmomentoloja.com\/wp-content\/uploads\/2025\/09\/IMG-20250902-WA0034-1536x864.jpg 1536w, https:\/\/www.lodelmomentoloja.com\/wp-content\/uploads\/2025\/09\/IMG-20250902-WA0034.jpg 1600w\" sizes=\"(max-width: 882px) 100vw, 882px\" \/><\/p>\n<p>&nbsp;<\/p>\n<p>\ud83e\udd73<span class=\"x19la9d6 x1fc57z9 x6ikm8r x10wlt62 x19co3pv x1g5zs5t xfibh0p xiy17q3 x1xsqp64 x1lkfr7t xexx8yu xyri2b x18d9i69 x1c1uobl\"><span class=\"xrtxmta x1bhl96m\">\ud83c\udf86<\/span><\/span><span class=\"x19la9d6 x1fc57z9 x6ikm8r x10wlt62 x19co3pv x1g5zs5t xfibh0p xiy17q3 x1xsqp64 x1lkfr7t xexx8yu xyri2b x18d9i69 x1c1uobl\"><span class=\"xrtxmta x1bhl96m\">\ud83c\udf89<\/span><\/span><span class=\"selectable-text copyable-text xkrh14z\"> \u00a1Loja se viste de fiesta! Una fiesta llena de fe y devoci\u00f3n es la que vive Loja desde el 01 de septiembre en las tradicionales Noches del Peregrino como homenaje a la Sagrada Imagen de la Virgen del Cisne. A lo largo de las festividades, la ciudad recibir\u00e1 a los priostes que, d\u00eda tras d\u00eda, llegar\u00e1n a rendir homenaje a \u2018La Churonita\u2019. El d\u00eda central de las festividades ser\u00e1 el 08 de septiembre fecha en la que se celebra la Natividad de Mar\u00eda.<\/span><\/p>\n<div style=\"width: 640px;\" class=\"wp-video\"><!--[if lt IE 9]><script>document.createElement('video');<\/script><![endif]-->\n<video class=\"wp-video-shortcode\" id=\"video-27561-1\" width=\"640\" height=\"360\" preload=\"metadata\" controls=\"controls\"><source type=\"video\/mp4\" src=\"http:\/\/www.lodelmomentoloja.com\/wp-content\/uploads\/2025\/09\/NOCHES-DEL-PEREGRINO-REDUCIDO.mp4?_=1\" \/><a href=\"http:\/\/www.lodelmomentoloja.com\/wp-content\/uploads\/2025\/09\/NOCHES-DEL-PEREGRINO-REDUCIDO.mp4\">http:\/\/www.lodelmomentoloja.com\/wp-content\/uploads\/2025\/09\/NOCHES-DEL-PEREGRINO-REDUCIDO.mp4<\/a><\/video><\/div>\n<p>La quema de castillos, m\u00fasica, danza y comparsas son parte de la programaci\u00f3n que los priostes de distintos lugares del pa\u00eds, especialmente de Azuay y Ca\u00f1ar, traen para las fiestas. La noche del lunes, el cielo lojano se ilumin\u00f3 con cuatro castillos dando inicio a la celebraci\u00f3n y, en los pr\u00f3ximos d\u00edas el n\u00famero de castillos se ir\u00e1n incrementando.<\/p>\n<p>Esto como parte de la Natividad de la Virgen Mar\u00eda que se celebra cada 08 de septiembre, una fecha que congrega a cientos de fieles para celebrar su aniversario. Adem\u00e1s, cada d\u00eda es coordinado por un prioste diferente que asume las responsabilidades religiosas y culturales durante la jornada.<\/p>\n<p>En los exteriores de la Iglesia Catedral se instala la tarima donde, a partir del mi\u00e9rcoles 03 de septiembre se presentar\u00e1n artistas invitados para rendir homenaje a la Portentosa Imagen.<\/p>\n<p>El d\u00eda central de las festividades ser\u00e1n el 08 de septiembre y, para ese d\u00eda se espera la visita del cardenal Luis Cabrera quien presidir\u00e1 la eucarist\u00eda solemne en La Catedral a partir de las 10H00. Desde muy tempranas horas se desarrollar\u00e1n las ma\u00f1anitas y cruzadas para luego continuar con una procesi\u00f3n por las calles c\u00e9ntricas de la ciudad.<\/p>\n<p>Con una mezcla de fe, cultura y tradici\u00f3n las Noches del Peregrino re\u00fane a los devotos de la Virgen de El Cisne quienes a\u00f1o tras a\u00f1o se congregan para rendir tributo a \u2018La Churonita\u2019 por los favores recibidos.<\/p>\n<p class=\"selectable-text copyable-text x15bjb6t x1n2onr6\"><span class=\"x19la9d6 x1fc57z9 x6ikm8r x10wlt62 x19co3pv x1g5zs5t xfibh0p xiy17q3 x1xsqp64 x1lkfr7t xexx8yu xyri2b x18d9i69 x1c1uobl\"><span class=\"xrtxmta x1bhl96m\">\ud83c\udf10<\/span><\/span><span class=\"x19la9d6 x1fc57z9 x6ikm8r x10wlt62 x19co3pv x1g5zs5t xfibh0p xiy17q3 x1xsqp64 x1lkfr7t xexx8yu xyri2b x18d9i69 x1c1uobl\"><span class=\"xrtxmta x1bhl96m\">\u2705<\/span><\/span><span class=\"selectable-text copyable-text xkrh14z\"> S\u00edguenos en nuestra p\u00e1gina verificada: <\/span><span class=\"selectable-text copyable-text xkrh14z\">https:\/\/www.facebook.com\/lodelmomentolojaEC<\/span><\/p>\n<p class=\"selectable-text copyable-text x15bjb6t x1n2onr6\"><span class=\"selectable-text copyable-text xkrh14z\">www.lodelmomentoloja.com<\/span><\/p>\n<p class=\"selectable-text copyable-text x15bjb6t x1n2onr6\"><span class=\"selectable-text copyable-text xkrh14z\">#LDMnoticias #lodelmomentolojaLDM<\/span><\/p>\n","protected":false},"excerpt":{"rendered":"<p>&nbsp; \ud83e\udd73\ud83c\udf86\ud83c\udf89 \u00a1Loja se viste de fiesta! Una fiesta llena de fe y devoci\u00f3n es&#8230;<\/p>\n","protected":false},"author":1,"featured_media":0,"comment_status":"open","ping_status":"open","sticky":false,"template":"","format":"standard","meta":{"footnotes":""},"categories":[1],"tags":[],"class_list":["post-27561","post","type-post","status-publish","format-standard","hentry","category-inicio"],"_links":{"self":[{"href":"https:\/\/www.lodelmomentoloja.com\/index.php?rest_route=\/wp\/v2\/posts\/27561"}],"collection":[{"href":"https:\/\/www.lodelmomentoloja.com\/index.php?rest_route=\/wp\/v2\/posts"}],"about":[{"href":"https:\/\/www.lodelmomentoloja.com\/index.php?rest_route=\/wp\/v2\/types\/post"}],"author":[{"embeddable":true,"href":"https:\/\/www.lodelmomentoloja.com\/index.php?rest_route=\/wp\/v2\/users\/1"}],"replies":[{"embeddable":true,"href":"https:\/\/www.lodelmomentoloja.com\/index.php?rest_route=%2Fwp%2Fv2%2Fcomments&post=27561"}],"version-history":[{"count":6,"href":"https:\/\/www.lodelmomentoloja.com\/index.php?rest_route=\/wp\/v2\/posts\/27561\/revisions"}],"predecessor-version":[{"id":27572,"href":"https:\/\/www.lodelmomentoloja.com\/index.php?rest_route=\/wp\/v2\/posts\/27561\/revisions\/27572"}],"wp:attachment":[{"href":"https:\/\/www.lodelmomentoloja.com\/index.php?rest_route=%2Fwp%2Fv2%2Fmedia&parent=27561"}],"wp:term":[{"taxonomy":"category","embeddable":true,"href":"https:\/\/www.lodelmomentoloja.com\/index.php?rest_route=%2Fwp%2Fv2%2Fcategories&post=27561"},{"taxonomy":"post_tag","embeddable":true,"href":"https:\/\/www.lodelmomentoloja.com\/index.php?rest_route=%2Fwp%2Fv2%2Ftags&post=27561"}],"curies":[{"name":"wp","href":"https:\/\/api.w.org\/{rel}","templated":true}]}}