{"id":2756,"date":"2021-02-26T18:10:54","date_gmt":"2021-02-26T18:10:54","guid":{"rendered":"http:\/\/www.lodelmomentoloja.com\/?p=2756"},"modified":"2021-02-26T23:15:28","modified_gmt":"2021-02-26T23:15:28","slug":"ppls-fueron-reubicados","status":"publish","type":"post","link":"https:\/\/www.lodelmomentoloja.com\/?p=2756","title":{"rendered":"PPL&#8217;s fueron reubicados"},"content":{"rendered":"<p>#Nacional | PPL&#8217;s reubicados tras amotinamientos.<\/p>\n<p>M\u00e1s de 200 personas privadas de libertad de la C\u00e1rcel Regional de Guayaquil, fueron reubicadas en otros centros penitenciarios del pa\u00eds, tras los amotinamientos registrados el pasado martes 23 de febrero, donde 79 reos fueron asesinados, decapitados, ahorcados y descuartizados.<\/p>\n<p>Los traslados se ejecutaron desde la ma\u00f1ana del jueves 25 de febrero, despu\u00e9s de una disposici\u00f3n de las autoridades del Servicio Nacional de Atenci\u00f3n Integral a Personas Adultas Privadas de Libertad y a Adolescentes Infractores del Ecuador (SNAI) y Polic\u00eda Nacional.<\/p>\n<p>www.lodelmomentoloja.com<br \/>\n#LDMnoticias #lodelmomentolojaLDM<\/p>\n","protected":false},"excerpt":{"rendered":"<p>#Nacional | PPL&#8217;s reubicados tras amotinamientos. M\u00e1s de 200 personas privadas de libertad de la&#8230;<\/p>\n","protected":false},"author":1,"featured_media":2757,"comment_status":"open","ping_status":"open","sticky":false,"template":"","format":"standard","meta":{"footnotes":""},"categories":[1],"tags":[],"class_list":["post-2756","post","type-post","status-publish","format-standard","has-post-thumbnail","hentry","category-inicio"],"_links":{"self":[{"href":"https:\/\/www.lodelmomentoloja.com\/index.php?rest_route=\/wp\/v2\/posts\/2756"}],"collection":[{"href":"https:\/\/www.lodelmomentoloja.com\/index.php?rest_route=\/wp\/v2\/posts"}],"about":[{"href":"https:\/\/www.lodelmomentoloja.com\/index.php?rest_route=\/wp\/v2\/types\/post"}],"author":[{"embeddable":true,"href":"https:\/\/www.lodelmomentoloja.com\/index.php?rest_route=\/wp\/v2\/users\/1"}],"replies":[{"embeddable":true,"href":"https:\/\/www.lodelmomentoloja.com\/index.php?rest_route=%2Fwp%2Fv2%2Fcomments&post=2756"}],"version-history":[{"count":1,"href":"https:\/\/www.lodelmomentoloja.com\/index.php?rest_route=\/wp\/v2\/posts\/2756\/revisions"}],"predecessor-version":[{"id":2758,"href":"https:\/\/www.lodelmomentoloja.com\/index.php?rest_route=\/wp\/v2\/posts\/2756\/revisions\/2758"}],"wp:featuredmedia":[{"embeddable":true,"href":"https:\/\/www.lodelmomentoloja.com\/index.php?rest_route=\/wp\/v2\/media\/2757"}],"wp:attachment":[{"href":"https:\/\/www.lodelmomentoloja.com\/index.php?rest_route=%2Fwp%2Fv2%2Fmedia&parent=2756"}],"wp:term":[{"taxonomy":"category","embeddable":true,"href":"https:\/\/www.lodelmomentoloja.com\/index.php?rest_route=%2Fwp%2Fv2%2Fcategories&post=2756"},{"taxonomy":"post_tag","embeddable":true,"href":"https:\/\/www.lodelmomentoloja.com\/index.php?rest_route=%2Fwp%2Fv2%2Ftags&post=2756"}],"curies":[{"name":"wp","href":"https:\/\/api.w.org\/{rel}","templated":true}]}}