{"id":27551,"date":"2025-09-01T19:29:09","date_gmt":"2025-09-01T19:29:09","guid":{"rendered":"https:\/\/www.lodelmomentoloja.com\/?p=27551"},"modified":"2025-09-02T00:31:34","modified_gmt":"2025-09-02T00:31:34","slug":"el-primer-concierto-de-la-corporacion-de-ferias-estuvo-marcado-por-varios-incidentes","status":"publish","type":"post","link":"https:\/\/www.lodelmomentoloja.com\/?p=27551","title":{"rendered":"El primer concierto de la Corporaci\u00f3n de Ferias estuvo marcado por varios incidentes."},"content":{"rendered":"<p class=\"selectable-text copyable-text x15bjb6t x1n2onr6\"><span class=\"x19la9d6 x1fc57z9 x6ikm8r x10wlt62 x19co3pv x1g5zs5t xfibh0p xiy17q3 x1xsqp64 x1lkfr7t xexx8yu xyri2b x18d9i69 x1c1uobl\"><span class=\"xrtxmta x1bhl96m\"><img loading=\"lazy\" decoding=\"async\" class=\"wp-image-27553 aligncenter\" src=\"http:\/\/www.lodelmomentoloja.com\/wp-content\/uploads\/2025\/09\/WhatsApp-Image-2025-09-01-at-7.03.30-PM-300x169.jpeg\" alt=\"\" width=\"934\" height=\"526\" srcset=\"https:\/\/www.lodelmomentoloja.com\/wp-content\/uploads\/2025\/09\/WhatsApp-Image-2025-09-01-at-7.03.30-PM-300x169.jpeg 300w, https:\/\/www.lodelmomentoloja.com\/wp-content\/uploads\/2025\/09\/WhatsApp-Image-2025-09-01-at-7.03.30-PM-1024x576.jpeg 1024w, https:\/\/www.lodelmomentoloja.com\/wp-content\/uploads\/2025\/09\/WhatsApp-Image-2025-09-01-at-7.03.30-PM-768x432.jpeg 768w, https:\/\/www.lodelmomentoloja.com\/wp-content\/uploads\/2025\/09\/WhatsApp-Image-2025-09-01-at-7.03.30-PM-640x360.jpeg 640w, https:\/\/www.lodelmomentoloja.com\/wp-content\/uploads\/2025\/09\/WhatsApp-Image-2025-09-01-at-7.03.30-PM-1536x864.jpeg 1536w, https:\/\/www.lodelmomentoloja.com\/wp-content\/uploads\/2025\/09\/WhatsApp-Image-2025-09-01-at-7.03.30-PM.jpeg 1600w\" sizes=\"(max-width: 934px) 100vw, 934px\" \/><\/p>\n<p>\ud83d\udea8<\/span><\/span><span class=\"x19la9d6 x1fc57z9 x6ikm8r x10wlt62 x19co3pv x1g5zs5t xfibh0p xiy17q3 x1xsqp64 x1lkfr7t xexx8yu xyri2b x18d9i69 x1c1uobl\"><span class=\"xrtxmta x1bhl96m\">\ud83c\udfa1<\/span><\/span><span class=\"x19la9d6 x1fc57z9 x6ikm8r x10wlt62 x19co3pv x1g5zs5t xfibh0p xiy17q3 x1xsqp64 x1lkfr7t xexx8yu xyri2b x18d9i69 x1c1uobl\"><span class=\"xrtxmta x1bhl96m\">\ud83d\ude31<\/span><\/span><span class=\"selectable-text copyable-text xkrh14z\"> \u00a1Fr4c4s0 total! La Corporaci\u00f3n de Ferias vuelve a estar en el ojo del hurac\u00e1n debido al nivel de organizaci\u00f3n con el que manejan los eventos art\u00edsticos dise\u00f1ados bajo su tutela. En las im\u00e1genes que se observan a continuaci\u00f3n se puede evidenciar una gran ausencia de personas generando dudas sobre si cumpli\u00f3 o no con las expectativas, los detalles en el siguiente reportaje. <\/span><\/p>\n<div style=\"width: 640px;\" class=\"wp-video\"><!--[if lt IE 9]><script>document.createElement('video');<\/script><![endif]-->\n<video class=\"wp-video-shortcode\" id=\"video-27551-1\" width=\"640\" height=\"360\" preload=\"metadata\" controls=\"controls\"><source type=\"video\/mp4\" src=\"http:\/\/www.lodelmomentoloja.com\/wp-content\/uploads\/2025\/09\/CONCIERTO-DEL-CFL-REDUCIDO.mp4?_=1\" \/><a href=\"http:\/\/www.lodelmomentoloja.com\/wp-content\/uploads\/2025\/09\/CONCIERTO-DEL-CFL-REDUCIDO.mp4\">http:\/\/www.lodelmomentoloja.com\/wp-content\/uploads\/2025\/09\/CONCIERTO-DEL-CFL-REDUCIDO.mp4<\/a><\/video><\/div>\n<p class=\"selectable-text copyable-text x15bjb6t x1n2onr6\"><span class=\"selectable-text copyable-text xkrh14z\"><\/p>\n<p><\/span><\/p>\n<p>&nbsp;<\/p>\n<p>Los eventos a su cargo son los de Francy que fue el 30 de agosto, Hebert Vargas el 12 de septiembre y la Trilog\u00eda del Rock el 13 de septiembre. Pero lo que m\u00e1s llam\u00f3 la atenci\u00f3n es que el primer espect\u00e1culo de la Corporaci\u00f3n de Ferias no ha sido m\u00e1s que un rotundo fracaso, tanto en la parte de sonido, la producci\u00f3n y hasta en la misma difusi\u00f3n, ya que, no m\u00e1s de 500 personas se dieron cita al evento, seg\u00fan la opini\u00f3n de los asistentes.<\/p>\n<p>En las im\u00e1genes que se observan a continuaci\u00f3n se puede evidenciar una gran ausencia de personas generando dudas sobre si cumpli\u00f3 o no con las expectativas. Mientras que, a trav\u00e9s de grupos de WhatsApp, promotores culturales mencionan que, algunos de los m\u00fasicos presentes en el escenario habr\u00edan realizado fonom\u00edmica, generando un debate sobre si la presentaci\u00f3n fue completamente en vivo, dejando mucho que desear.<\/p>\n<p>Seg\u00fan informaci\u00f3n compartida a LDM por, una aparente falla t\u00e9cnica habr\u00eda provocado que los equipos de sonidos se quemaran, incluso se utiliz\u00f3 pirot\u00e9cnica, algo que, supuestamente estaba prohibido.<\/p>\n<p>Pero esta no es la primera vez que la Corporaci\u00f3n de Ferias recibe fuertes cr\u00edticas por la calidad de eventos que realiza, recordemos que en ediciones anteriores, la organizaci\u00f3n ya hab\u00eda sido expuesta por este medio digital por traer a las Noches de Feria a artistas r\u00e9plica de orquestas como Grupo N\u00e9ctar y La Sonora Dinamita siendo presentados como las agrupaciones originales, adem\u00e1s de Cabas en un aparente estado de embriaguez y ahora con Francy, con estos incidentes muchos se cuestionan \u00bfCu\u00e1l ser\u00e1 la calidad de espect\u00e1culos que ofrecer\u00e1 la Feria de Loja en lo que resta de esta edici\u00f3n?<\/p>\n<p class=\"selectable-text copyable-text x15bjb6t x1n2onr6\">\n<p class=\"selectable-text copyable-text x15bjb6t x1n2onr6\"><span class=\"x19la9d6 x1fc57z9 x6ikm8r x10wlt62 x19co3pv x1g5zs5t xfibh0p xiy17q3 x1xsqp64 x1lkfr7t xexx8yu xyri2b x18d9i69 x1c1uobl\"><span class=\"xrtxmta x1bhl96m\">\ud83c\udf10<\/span><\/span><span class=\"x19la9d6 x1fc57z9 x6ikm8r x10wlt62 x19co3pv x1g5zs5t xfibh0p xiy17q3 x1xsqp64 x1lkfr7t xexx8yu xyri2b x18d9i69 x1c1uobl\"><span class=\"xrtxmta x1bhl96m\">\u2705<\/span><\/span><span class=\"selectable-text copyable-text xkrh14z\"> S\u00edguenos en nuestra p\u00e1gina verificada: <\/span><span class=\"selectable-text copyable-text xkrh14z\">https:\/\/www.facebook.com\/lodelmomentolojaEC<\/span><\/p>\n<p class=\"selectable-text copyable-text x15bjb6t x1n2onr6\"><span class=\"selectable-text copyable-text xkrh14z\">www.lodelmomentoloja.com<\/span><\/p>\n<p class=\"selectable-text copyable-text x15bjb6t x1n2onr6\"><span class=\"selectable-text copyable-text xkrh14z\">#LDMnoticias #lodelmomentolojaLDM<\/span><\/p>\n","protected":false},"excerpt":{"rendered":"<p>\ud83d\udea8\ud83c\udfa1\ud83d\ude31 \u00a1Fr4c4s0 total! La Corporaci\u00f3n de Ferias vuelve a estar en el ojo del hurac\u00e1n&#8230;<\/p>\n","protected":false},"author":1,"featured_media":0,"comment_status":"open","ping_status":"open","sticky":false,"template":"","format":"standard","meta":{"footnotes":""},"categories":[1],"tags":[],"class_list":["post-27551","post","type-post","status-publish","format-standard","hentry","category-inicio"],"_links":{"self":[{"href":"https:\/\/www.lodelmomentoloja.com\/index.php?rest_route=\/wp\/v2\/posts\/27551"}],"collection":[{"href":"https:\/\/www.lodelmomentoloja.com\/index.php?rest_route=\/wp\/v2\/posts"}],"about":[{"href":"https:\/\/www.lodelmomentoloja.com\/index.php?rest_route=\/wp\/v2\/types\/post"}],"author":[{"embeddable":true,"href":"https:\/\/www.lodelmomentoloja.com\/index.php?rest_route=\/wp\/v2\/users\/1"}],"replies":[{"embeddable":true,"href":"https:\/\/www.lodelmomentoloja.com\/index.php?rest_route=%2Fwp%2Fv2%2Fcomments&post=27551"}],"version-history":[{"count":1,"href":"https:\/\/www.lodelmomentoloja.com\/index.php?rest_route=\/wp\/v2\/posts\/27551\/revisions"}],"predecessor-version":[{"id":27554,"href":"https:\/\/www.lodelmomentoloja.com\/index.php?rest_route=\/wp\/v2\/posts\/27551\/revisions\/27554"}],"wp:attachment":[{"href":"https:\/\/www.lodelmomentoloja.com\/index.php?rest_route=%2Fwp%2Fv2%2Fmedia&parent=27551"}],"wp:term":[{"taxonomy":"category","embeddable":true,"href":"https:\/\/www.lodelmomentoloja.com\/index.php?rest_route=%2Fwp%2Fv2%2Fcategories&post=27551"},{"taxonomy":"post_tag","embeddable":true,"href":"https:\/\/www.lodelmomentoloja.com\/index.php?rest_route=%2Fwp%2Fv2%2Ftags&post=27551"}],"curies":[{"name":"wp","href":"https:\/\/api.w.org\/{rel}","templated":true}]}}