{"id":27546,"date":"2025-09-01T17:23:05","date_gmt":"2025-09-01T17:23:05","guid":{"rendered":"https:\/\/www.lodelmomentoloja.com\/?p=27546"},"modified":"2025-09-01T22:27:02","modified_gmt":"2025-09-01T22:27:02","slug":"via-el-carmelo-lauro-guerrero-es-otra-obra-de-la-prefectura-que-presenta-danos-severos","status":"publish","type":"post","link":"https:\/\/www.lodelmomentoloja.com\/?p=27546","title":{"rendered":"V\u00eda El Carmelo &#8211; Lauro Guerrero es otra obra de la Prefectura que presenta da\u00f1os severos"},"content":{"rendered":"<p class=\"selectable-text copyable-text x15bjb6t x1n2onr6\"><span class=\"x19la9d6 x1fc57z9 x6ikm8r x10wlt62 x19co3pv x1g5zs5t xfibh0p xiy17q3 x1xsqp64 x1lkfr7t xexx8yu xyri2b x18d9i69 x1c1uobl\"><span class=\"xrtxmta x1bhl96m\"> <img loading=\"lazy\" decoding=\"async\" class=\"wp-image-27549 aligncenter\" src=\"http:\/\/www.lodelmomentoloja.com\/wp-content\/uploads\/2025\/09\/WhatsApp-Image-2025-09-01-at-4.58.31-PM-1-300x169.jpeg\" alt=\"\" width=\"973\" height=\"548\" srcset=\"https:\/\/www.lodelmomentoloja.com\/wp-content\/uploads\/2025\/09\/WhatsApp-Image-2025-09-01-at-4.58.31-PM-1-300x169.jpeg 300w, https:\/\/www.lodelmomentoloja.com\/wp-content\/uploads\/2025\/09\/WhatsApp-Image-2025-09-01-at-4.58.31-PM-1-1024x576.jpeg 1024w, https:\/\/www.lodelmomentoloja.com\/wp-content\/uploads\/2025\/09\/WhatsApp-Image-2025-09-01-at-4.58.31-PM-1-768x432.jpeg 768w, https:\/\/www.lodelmomentoloja.com\/wp-content\/uploads\/2025\/09\/WhatsApp-Image-2025-09-01-at-4.58.31-PM-1-640x360.jpeg 640w, https:\/\/www.lodelmomentoloja.com\/wp-content\/uploads\/2025\/09\/WhatsApp-Image-2025-09-01-at-4.58.31-PM-1-1536x864.jpeg 1536w, https:\/\/www.lodelmomentoloja.com\/wp-content\/uploads\/2025\/09\/WhatsApp-Image-2025-09-01-at-4.58.31-PM-1.jpeg 1600w\" sizes=\"(max-width: 973px) 100vw, 973px\" \/><\/p>\n<p>\ud83d\udea7<\/span><\/span><span class=\"x19la9d6 x1fc57z9 x6ikm8r x10wlt62 x19co3pv x1g5zs5t xfibh0p xiy17q3 x1xsqp64 x1lkfr7t xexx8yu xyri2b x18d9i69 x1c1uobl\"><span class=\"xrtxmta x1bhl96m\">\ud83d\ude24<\/span><\/span><span class=\"x19la9d6 x1fc57z9 x6ikm8r x10wlt62 x19co3pv x1g5zs5t xfibh0p xiy17q3 x1xsqp64 x1lkfr7t xexx8yu xyri2b x18d9i69 x1c1uobl\"><span class=\"xrtxmta x1bhl96m\">\ud83e\udd11<\/span><\/span><span class=\"selectable-text copyable-text xkrh14z\"> \u00a1P\u00e9simas condiciones! La v\u00eda El Carmelo \u2013 Lauro Guerrero en el cant\u00f3n Paltas, es otra de las tantas v\u00edas contratadas por la Prefectura de Loja que se encuentra en deplorables condiciones. En el tramo Playas \u2013 Yamana \u2013 El Carmelo \u2013 Lauro Guerrero se han invertido m\u00e1s de USD 5.6 millones, pero dicha inversi\u00f3n deja m\u00e1s dudas que aciertos, puesto que, en menos 5 a\u00f1os esta v\u00eda muestra da\u00f1os que perjudican a la ciudadan\u00eda.<\/p>\n<p><\/span><\/p>\n<div style=\"width: 640px;\" class=\"wp-video\"><!--[if lt IE 9]><script>document.createElement('video');<\/script><![endif]-->\n<video class=\"wp-video-shortcode\" id=\"video-27546-1\" width=\"640\" height=\"360\" preload=\"metadata\" controls=\"controls\"><source type=\"video\/mp4\" src=\"http:\/\/www.lodelmomentoloja.com\/wp-content\/uploads\/2025\/09\/MALAS-CONDICIONES-DE-LA-V_A-EL-CARMELO-LAURO-GUERRERO-REDUCIDO.mp4?_=1\" \/><a href=\"http:\/\/www.lodelmomentoloja.com\/wp-content\/uploads\/2025\/09\/MALAS-CONDICIONES-DE-LA-V_A-EL-CARMELO-LAURO-GUERRERO-REDUCIDO.mp4\">http:\/\/www.lodelmomentoloja.com\/wp-content\/uploads\/2025\/09\/MALAS-CONDICIONES-DE-LA-V_A-EL-CARMELO-LAURO-GUERRERO-REDUCIDO.mp4<\/a><\/video><\/div>\n<p class=\"selectable-text copyable-text x15bjb6t x1n2onr6\"><span class=\"selectable-text copyable-text xkrh14z\"><\/p>\n<p><\/span><\/p>\n<p>Hace pocos meses, la parroquia Lauro Guerrero sufri\u00f3 un gran deslave que dej\u00f3 a varias familias sin sus viviendas, producto de la temporada invernal, por lo que, colonias Laurenses organizaron varios eventos gratuitos cuyo objetivo era reactivar la econom\u00eda de la regi\u00f3n, iniciativa que fue un \u00e9xito para la parroquia.<\/p>\n<p>Sin embargo, antes de llegar a Lauro Guerrero, la v\u00eda registra m\u00faltiples da\u00f1os: desprendimiento de asfaltado, deslizamientos de tierra en varios puntos y socavones, uno m\u00e1s cr\u00edtico que otro. Por ejemplo, la ruta El Carmelo \u2013 Lauro Guerrero de 9 km aproximadamente, la cual es competencia del Gobierno Provincial de Loja, registra perjuicios que, hasta el momento, no han sido atendidos por la instituci\u00f3n p\u00fablica. Una obra que fue contratada entre la Prefectura y el CONSORCIO CUVEL representada por Mar\u00eda Fernanda C.V., por un monto de USD 2\u2019999.977,77 y la fiscalizaci\u00f3n estuvo a cargo Luis Enrique J.C., con una inversi\u00f3n USD 220.919,25 que, dicho sea de paso, tambi\u00e9n fiscaliza la v\u00eda La Bocana \u2013 La Victoria del cant\u00f3n Macar\u00e1 por un total de USD 450.266,36.<\/p>\n<p>La inversi\u00f3n para el asfaltado de la v\u00eda El Carmelo \u2013 Lauro Guerrero fue de cerca de USD 3\u2019635,301 y fue entregada en agosto de 2022. Contrato que fue firmado por el ex prefecto Rafael D\u00e1v1l4 a finales de mayo de 2021 a puertas de un proceso electoral, como ya era costumbre en su administraci\u00f3n.<\/p>\n<p>No obstante, los resultados dejan mucho que desear y, as\u00ed lo hacen sentir los moradores de la parroquia.<\/p>\n<p>Pero el malestar por la gesti\u00f3n que han mantenido la Prefectura de Loja tambi\u00e9n se hace visible alrededor de la provincia, tal como ocurri\u00f3 en el cant\u00f3n Sozoranga este fin de semana, una situaci\u00f3n que llam\u00f3 la atenci\u00f3n a m\u00e1s de uno, debido al particular discurso lleno de indignaci\u00f3n con el que le entregaron un reconocimiento al actual prefecto Mario M4nc1n0.<\/p>\n<p>Y aunque, la provincia reclama la falta de atenci\u00f3n por parte del GPL, la actual administraci\u00f3n prioriza su gesti\u00f3n en obras que no son de su competencia. Recordemos que d\u00edas atr\u00e1s, M4nc1n0 firm\u00f3 un contrato para el asfaltado de las calles de algunos barrios del cant\u00f3n Zapotillo.<\/p>\n<p>La ciudadan\u00eda hace un llamado a las autoridades para que tomen acciones inmediatas en una v\u00eda que ha dejado m\u00e1s perjuicios que beneficios en el cant\u00f3n.<\/p>\n<p class=\"selectable-text copyable-text x15bjb6t x1n2onr6\"><span class=\"selectable-text copyable-text xkrh14z\">\u00a0<\/span><\/p>\n<p class=\"selectable-text copyable-text x15bjb6t x1n2onr6\"><span class=\"x19la9d6 x1fc57z9 x6ikm8r x10wlt62 x19co3pv x1g5zs5t xfibh0p xiy17q3 x1xsqp64 x1lkfr7t xexx8yu xyri2b x18d9i69 x1c1uobl\"><span class=\"xrtxmta x1bhl96m\">\ud83c\udf10<\/span><\/span><span class=\"x19la9d6 x1fc57z9 x6ikm8r x10wlt62 x19co3pv x1g5zs5t xfibh0p xiy17q3 x1xsqp64 x1lkfr7t xexx8yu xyri2b x18d9i69 x1c1uobl\"><span class=\"xrtxmta x1bhl96m\">\u2705<\/span><\/span><span class=\"selectable-text copyable-text xkrh14z\"> S\u00edguenos en nuestra p\u00e1gina verificada: <\/span><span class=\"selectable-text copyable-text xkrh14z\">https:\/\/www.facebook.com\/lodelmomentolojaEC<\/span><\/p>\n<p class=\"selectable-text copyable-text x15bjb6t x1n2onr6\"><span class=\"selectable-text copyable-text xkrh14z\">www.lodelmomentoloja.com<\/span><\/p>\n<p class=\"selectable-text copyable-text x15bjb6t x1n2onr6\"><span class=\"selectable-text copyable-text xkrh14z\">#LDMnoticias #lodelmomentolojaLDM<\/span><\/p>\n","protected":false},"excerpt":{"rendered":"<p>\ud83d\udea7\ud83d\ude24\ud83e\udd11 \u00a1P\u00e9simas condiciones! La v\u00eda El Carmelo \u2013 Lauro Guerrero en el cant\u00f3n Paltas, es&#8230;<\/p>\n","protected":false},"author":1,"featured_media":0,"comment_status":"open","ping_status":"open","sticky":false,"template":"","format":"standard","meta":{"footnotes":""},"categories":[1],"tags":[],"class_list":["post-27546","post","type-post","status-publish","format-standard","hentry","category-inicio"],"_links":{"self":[{"href":"https:\/\/www.lodelmomentoloja.com\/index.php?rest_route=\/wp\/v2\/posts\/27546"}],"collection":[{"href":"https:\/\/www.lodelmomentoloja.com\/index.php?rest_route=\/wp\/v2\/posts"}],"about":[{"href":"https:\/\/www.lodelmomentoloja.com\/index.php?rest_route=\/wp\/v2\/types\/post"}],"author":[{"embeddable":true,"href":"https:\/\/www.lodelmomentoloja.com\/index.php?rest_route=\/wp\/v2\/users\/1"}],"replies":[{"embeddable":true,"href":"https:\/\/www.lodelmomentoloja.com\/index.php?rest_route=%2Fwp%2Fv2%2Fcomments&post=27546"}],"version-history":[{"count":1,"href":"https:\/\/www.lodelmomentoloja.com\/index.php?rest_route=\/wp\/v2\/posts\/27546\/revisions"}],"predecessor-version":[{"id":27550,"href":"https:\/\/www.lodelmomentoloja.com\/index.php?rest_route=\/wp\/v2\/posts\/27546\/revisions\/27550"}],"wp:attachment":[{"href":"https:\/\/www.lodelmomentoloja.com\/index.php?rest_route=%2Fwp%2Fv2%2Fmedia&parent=27546"}],"wp:term":[{"taxonomy":"category","embeddable":true,"href":"https:\/\/www.lodelmomentoloja.com\/index.php?rest_route=%2Fwp%2Fv2%2Fcategories&post=27546"},{"taxonomy":"post_tag","embeddable":true,"href":"https:\/\/www.lodelmomentoloja.com\/index.php?rest_route=%2Fwp%2Fv2%2Ftags&post=27546"}],"curies":[{"name":"wp","href":"https:\/\/api.w.org\/{rel}","templated":true}]}}