{"id":27536,"date":"2025-09-01T10:55:27","date_gmt":"2025-09-01T10:55:27","guid":{"rendered":"https:\/\/www.lodelmomentoloja.com\/?p=27536"},"modified":"2025-09-01T16:56:17","modified_gmt":"2025-09-01T16:56:17","slug":"lojano-se-consagra-campeon-del-open-internacional-mercenarios-2025","status":"publish","type":"post","link":"https:\/\/www.lodelmomentoloja.com\/?p=27536","title":{"rendered":"LOJANO SE CONSAGRA CAMPE\u00d3N DEL OPEN INTERNACIONAL MERCENARIOS 2025"},"content":{"rendered":"<p>\ud83c\uddea\ud83c\udde8\ud83e\udd47\ud83e\udd4b\u00a1Campe\u00f3n indiscutible! El deportista lojano Rafael Agurto Guzm\u00e1n, represent\u00f3 a la Provincia de Loja, Fedeloja y al club CLUB Carvallo en el Campeonato Open Internacional Mercenarios 2025, que se desarroll\u00f3 durante el fin de semana en la ciudad de Quito. Dicho evento que convoc\u00f3 a los mejores atletas de taekwondo del Ecuador, en el cual Rafael, destac\u00f3 con esfuerzo, disciplina y mucha dedicaci\u00f3n, alcanzando la medalla de oro en la categor\u00eda Cadete Heavy+65kg.<\/p>\n<p>\ud83c\udf10\u2705 S\u00edguenos en nuestra p\u00e1gina verificada: https:\/\/www.facebook.com\/lodelmomentolojaEC<\/p>\n<p>www.lodelmomentoloja.com<br \/>\n<a class=\"x1i10hfl xjbqb8w x1ejq31n x18oe1m7 x1sy0etr xstzfhl x972fbf x10w94by x1qhh985 x14e42zd x9f619 x1ypdohk xt0psk2 x3ct3a4 xdj266r x14z9mp xat24cr x1lziwak xexx8yu xyri2b x18d9i69 x1c1uobl x16tdsg8 x1hl2dhg xggy1nq x1a2a7pz  _aa9_ _a6hd\" tabindex=\"0\" role=\"link\" href=\"https:\/\/www.instagram.com\/explore\/tags\/ldmnoticias\/\">#LDMnoticias<\/a>\u00a0<a class=\"x1i10hfl xjbqb8w x1ejq31n x18oe1m7 x1sy0etr xstzfhl x972fbf x10w94by x1qhh985 x14e42zd x9f619 x1ypdohk xt0psk2 x3ct3a4 xdj266r x14z9mp xat24cr x1lziwak xexx8yu xyri2b x18d9i69 x1c1uobl x16tdsg8 x1hl2dhg xggy1nq x1a2a7pz  _aa9_ _a6hd\" tabindex=\"0\" role=\"link\" href=\"https:\/\/www.instagram.com\/explore\/tags\/lodelmomentolojaldm\/\">#lodelmomentolojaLDM<\/a><\/p>\n","protected":false},"excerpt":{"rendered":"<p>\ud83c\uddea\ud83c\udde8\ud83e\udd47\ud83e\udd4b\u00a1Campe\u00f3n indiscutible! El deportista lojano Rafael Agurto Guzm\u00e1n, represent\u00f3 a la Provincia de Loja, Fedeloja&#8230;<\/p>\n","protected":false},"author":1,"featured_media":27537,"comment_status":"open","ping_status":"open","sticky":false,"template":"","format":"standard","meta":{"footnotes":""},"categories":[7,1,4,5],"tags":[],"class_list":["post-27536","post","type-post","status-publish","format-standard","has-post-thumbnail","hentry","category-ecuador","category-inicio","category-internacional","category-loja"],"_links":{"self":[{"href":"https:\/\/www.lodelmomentoloja.com\/index.php?rest_route=\/wp\/v2\/posts\/27536"}],"collection":[{"href":"https:\/\/www.lodelmomentoloja.com\/index.php?rest_route=\/wp\/v2\/posts"}],"about":[{"href":"https:\/\/www.lodelmomentoloja.com\/index.php?rest_route=\/wp\/v2\/types\/post"}],"author":[{"embeddable":true,"href":"https:\/\/www.lodelmomentoloja.com\/index.php?rest_route=\/wp\/v2\/users\/1"}],"replies":[{"embeddable":true,"href":"https:\/\/www.lodelmomentoloja.com\/index.php?rest_route=%2Fwp%2Fv2%2Fcomments&post=27536"}],"version-history":[{"count":1,"href":"https:\/\/www.lodelmomentoloja.com\/index.php?rest_route=\/wp\/v2\/posts\/27536\/revisions"}],"predecessor-version":[{"id":27538,"href":"https:\/\/www.lodelmomentoloja.com\/index.php?rest_route=\/wp\/v2\/posts\/27536\/revisions\/27538"}],"wp:featuredmedia":[{"embeddable":true,"href":"https:\/\/www.lodelmomentoloja.com\/index.php?rest_route=\/wp\/v2\/media\/27537"}],"wp:attachment":[{"href":"https:\/\/www.lodelmomentoloja.com\/index.php?rest_route=%2Fwp%2Fv2%2Fmedia&parent=27536"}],"wp:term":[{"taxonomy":"category","embeddable":true,"href":"https:\/\/www.lodelmomentoloja.com\/index.php?rest_route=%2Fwp%2Fv2%2Fcategories&post=27536"},{"taxonomy":"post_tag","embeddable":true,"href":"https:\/\/www.lodelmomentoloja.com\/index.php?rest_route=%2Fwp%2Fv2%2Ftags&post=27536"}],"curies":[{"name":"wp","href":"https:\/\/api.w.org\/{rel}","templated":true}]}}