{"id":27519,"date":"2025-08-29T15:13:08","date_gmt":"2025-08-29T15:13:08","guid":{"rendered":"https:\/\/www.lodelmomentoloja.com\/?p=27519"},"modified":"2025-08-29T20:14:52","modified_gmt":"2025-08-29T20:14:52","slug":"joven-f4ll3c1o-tras-accidente-en-la-via-malacatos-vilcabamba","status":"publish","type":"post","link":"https:\/\/www.lodelmomentoloja.com\/?p=27519","title":{"rendered":"JOVEN F4LL3C1\u00d3 TRAS ACCIDENTE EN LA V\u00cdA MALACATOS &#8211; VILCABAMBA"},"content":{"rendered":"<p>\ud83d\ude14\ud83c\udfcd\ufe0f\u271d\ufe0f\u00a1Actualizaci\u00f3n! Tras registrarse un 4cc1d3nt3 de tr\u00e1nsito, la madrugada del 28 de agosto en la v\u00eda Malacatos &#8211; Vilcabamba, cuando un ciudadano de 27 a\u00f1os de edad, perdi\u00f3 el control de su motocicleta por razones extra\u00f1as y termin\u00f3 impact\u00e1ndose contra la cuneta y muros de ingreso a domicilios del sector, quedando como saldo varios da\u00f1os materiales y el conductor con heridas de gravedad. Pese a que fue llevado a una casa de salud en la ciudad de Loja, lamentablemente, el impacto fue tan fuerte que alrededor de la media noche, f4ll3c1\u00f3, dejando una gran tristeza y nostalgia en sus familiares y amigos cercanos.<\/p>\n<p>De quienes conformamos el equipo de Lo del Momento Loja LDM, extendemos nuestras sinceras condolencias a su familia y allegados.<\/p>\n<p>\ud83c\udf10\u2705 S\u00edguenos en nuestra p\u00e1gina verificada: https:\/\/www.facebook.com\/lodelmomentolojaEC<\/p>\n<p>www.lodelmomentoloja.com<br \/>\n<a class=\"x1i10hfl xjbqb8w x1ejq31n x18oe1m7 x1sy0etr xstzfhl x972fbf x10w94by x1qhh985 x14e42zd x9f619 x1ypdohk xt0psk2 x3ct3a4 xdj266r x14z9mp xat24cr x1lziwak xexx8yu xyri2b x18d9i69 x1c1uobl x16tdsg8 x1hl2dhg xggy1nq x1a2a7pz  _aa9_ _a6hd\" tabindex=\"0\" role=\"link\" href=\"https:\/\/www.instagram.com\/explore\/tags\/ldmnoticias\/\">#LDMnoticias<\/a>\u00a0<a class=\"x1i10hfl xjbqb8w x1ejq31n x18oe1m7 x1sy0etr xstzfhl x972fbf x10w94by x1qhh985 x14e42zd x9f619 x1ypdohk xt0psk2 x3ct3a4 xdj266r x14z9mp xat24cr x1lziwak xexx8yu xyri2b x18d9i69 x1c1uobl x16tdsg8 x1hl2dhg xggy1nq x1a2a7pz  _aa9_ _a6hd\" tabindex=\"0\" role=\"link\" href=\"https:\/\/www.instagram.com\/explore\/tags\/lodelmomentolojaldm\/\">#lodelmomentolojaLDM<\/a><\/p>\n","protected":false},"excerpt":{"rendered":"<p>\ud83d\ude14\ud83c\udfcd\ufe0f\u271d\ufe0f\u00a1Actualizaci\u00f3n! Tras registrarse un 4cc1d3nt3 de tr\u00e1nsito, la madrugada del 28 de agosto en la&#8230;<\/p>\n","protected":false},"author":1,"featured_media":27520,"comment_status":"open","ping_status":"open","sticky":false,"template":"","format":"standard","meta":{"footnotes":""},"categories":[7,1,5],"tags":[],"class_list":["post-27519","post","type-post","status-publish","format-standard","has-post-thumbnail","hentry","category-ecuador","category-inicio","category-loja"],"_links":{"self":[{"href":"https:\/\/www.lodelmomentoloja.com\/index.php?rest_route=\/wp\/v2\/posts\/27519"}],"collection":[{"href":"https:\/\/www.lodelmomentoloja.com\/index.php?rest_route=\/wp\/v2\/posts"}],"about":[{"href":"https:\/\/www.lodelmomentoloja.com\/index.php?rest_route=\/wp\/v2\/types\/post"}],"author":[{"embeddable":true,"href":"https:\/\/www.lodelmomentoloja.com\/index.php?rest_route=\/wp\/v2\/users\/1"}],"replies":[{"embeddable":true,"href":"https:\/\/www.lodelmomentoloja.com\/index.php?rest_route=%2Fwp%2Fv2%2Fcomments&post=27519"}],"version-history":[{"count":1,"href":"https:\/\/www.lodelmomentoloja.com\/index.php?rest_route=\/wp\/v2\/posts\/27519\/revisions"}],"predecessor-version":[{"id":27521,"href":"https:\/\/www.lodelmomentoloja.com\/index.php?rest_route=\/wp\/v2\/posts\/27519\/revisions\/27521"}],"wp:featuredmedia":[{"embeddable":true,"href":"https:\/\/www.lodelmomentoloja.com\/index.php?rest_route=\/wp\/v2\/media\/27520"}],"wp:attachment":[{"href":"https:\/\/www.lodelmomentoloja.com\/index.php?rest_route=%2Fwp%2Fv2%2Fmedia&parent=27519"}],"wp:term":[{"taxonomy":"category","embeddable":true,"href":"https:\/\/www.lodelmomentoloja.com\/index.php?rest_route=%2Fwp%2Fv2%2Fcategories&post=27519"},{"taxonomy":"post_tag","embeddable":true,"href":"https:\/\/www.lodelmomentoloja.com\/index.php?rest_route=%2Fwp%2Fv2%2Ftags&post=27519"}],"curies":[{"name":"wp","href":"https:\/\/api.w.org\/{rel}","templated":true}]}}