{"id":27516,"date":"2025-08-29T14:10:14","date_gmt":"2025-08-29T14:10:14","guid":{"rendered":"https:\/\/www.lodelmomentoloja.com\/?p=27516"},"modified":"2025-08-29T20:12:34","modified_gmt":"2025-08-29T20:12:34","slug":"mas-de-17-millones-de-estudiantes-vuelven-a-clases-en-ecuador","status":"publish","type":"post","link":"https:\/\/www.lodelmomentoloja.com\/?p=27516","title":{"rendered":"M\u00c1S DE 1,7 MILLONES DE ESTUDIANTES VUELVEN A CLASES EN ECUADOR"},"content":{"rendered":"<p>\ud83c\udfeb\ud83c\udf92\ud83d\udcda\u00a1Vuelven a clases! Este 1 de septiembre, m\u00e1s de 1.7 millones de estudiantes y 99 mil docentes regresan a las aulas en m\u00e1s de 6 mil instituciones educativas del r\u00e9gimen Sierra-Amazon\u00eda, dando inicio al a\u00f1o lectivo 2025-2026. Pese a que los docentes regresaron a sus actividades el pasado 12 de agosto, los alumnos volver\u00e1n a las aulas en estas fechas:<\/p>\n<p>\ud83d\udd38Inicial (3 y 4 a\u00f1os) y Bachillerato: lunes 1 de septiembre.<br \/>\n\ud83d\udd38B\u00e1sica superior (8.\u00ba, 9.\u00ba y 10.\u00ba) y Preparatoria (1.\u00ba de b\u00e1sica): martes 2 de septiembre.<br \/>\n\ud83d\udd38B\u00e1sica media (5.\u00ba, 6.\u00ba y 7.\u00ba) y Elemental (2.\u00ba, 3.\u00ba y 4.\u00ba): mi\u00e9rcoles 3 de septiembre.<\/p>\n<p>De esta manera, todos los niveles del sistema fiscal quedar\u00e1n en clases desde el 3 de septiembre.<\/p>\n<p>\ud83c\udf10\u2705 S\u00edguenos en nuestra p\u00e1gina verificada: https:\/\/www.facebook.com\/lodelmomentolojaEC<\/p>\n<p>www.lodelmomentoloja.com<br \/>\n<a class=\"x1i10hfl xjbqb8w x1ejq31n x18oe1m7 x1sy0etr xstzfhl x972fbf x10w94by x1qhh985 x14e42zd x9f619 x1ypdohk xt0psk2 x3ct3a4 xdj266r x14z9mp xat24cr x1lziwak xexx8yu xyri2b x18d9i69 x1c1uobl x16tdsg8 x1hl2dhg xggy1nq x1a2a7pz  _aa9_ _a6hd\" tabindex=\"0\" role=\"link\" href=\"https:\/\/www.instagram.com\/explore\/tags\/ldmnoticias\/\">#LDMnoticias<\/a>\u00a0<a class=\"x1i10hfl xjbqb8w x1ejq31n x18oe1m7 x1sy0etr xstzfhl x972fbf x10w94by x1qhh985 x14e42zd x9f619 x1ypdohk xt0psk2 x3ct3a4 xdj266r x14z9mp xat24cr x1lziwak xexx8yu xyri2b x18d9i69 x1c1uobl x16tdsg8 x1hl2dhg xggy1nq x1a2a7pz  _aa9_ _a6hd\" tabindex=\"0\" role=\"link\" href=\"https:\/\/www.instagram.com\/explore\/tags\/lodelmomentolojaldm\/\">#lodelmomentolojaLDM<\/a><\/p>\n","protected":false},"excerpt":{"rendered":"<p>\ud83c\udfeb\ud83c\udf92\ud83d\udcda\u00a1Vuelven a clases! Este 1 de septiembre, m\u00e1s de 1.7 millones de estudiantes y 99&#8230;<\/p>\n","protected":false},"author":1,"featured_media":27517,"comment_status":"open","ping_status":"open","sticky":false,"template":"","format":"standard","meta":{"footnotes":""},"categories":[7,1,5],"tags":[],"class_list":["post-27516","post","type-post","status-publish","format-standard","has-post-thumbnail","hentry","category-ecuador","category-inicio","category-loja"],"_links":{"self":[{"href":"https:\/\/www.lodelmomentoloja.com\/index.php?rest_route=\/wp\/v2\/posts\/27516"}],"collection":[{"href":"https:\/\/www.lodelmomentoloja.com\/index.php?rest_route=\/wp\/v2\/posts"}],"about":[{"href":"https:\/\/www.lodelmomentoloja.com\/index.php?rest_route=\/wp\/v2\/types\/post"}],"author":[{"embeddable":true,"href":"https:\/\/www.lodelmomentoloja.com\/index.php?rest_route=\/wp\/v2\/users\/1"}],"replies":[{"embeddable":true,"href":"https:\/\/www.lodelmomentoloja.com\/index.php?rest_route=%2Fwp%2Fv2%2Fcomments&post=27516"}],"version-history":[{"count":1,"href":"https:\/\/www.lodelmomentoloja.com\/index.php?rest_route=\/wp\/v2\/posts\/27516\/revisions"}],"predecessor-version":[{"id":27518,"href":"https:\/\/www.lodelmomentoloja.com\/index.php?rest_route=\/wp\/v2\/posts\/27516\/revisions\/27518"}],"wp:featuredmedia":[{"embeddable":true,"href":"https:\/\/www.lodelmomentoloja.com\/index.php?rest_route=\/wp\/v2\/media\/27517"}],"wp:attachment":[{"href":"https:\/\/www.lodelmomentoloja.com\/index.php?rest_route=%2Fwp%2Fv2%2Fmedia&parent=27516"}],"wp:term":[{"taxonomy":"category","embeddable":true,"href":"https:\/\/www.lodelmomentoloja.com\/index.php?rest_route=%2Fwp%2Fv2%2Fcategories&post=27516"},{"taxonomy":"post_tag","embeddable":true,"href":"https:\/\/www.lodelmomentoloja.com\/index.php?rest_route=%2Fwp%2Fv2%2Ftags&post=27516"}],"curies":[{"name":"wp","href":"https:\/\/api.w.org\/{rel}","templated":true}]}}