{"id":27471,"date":"2025-08-27T18:00:31","date_gmt":"2025-08-27T18:00:31","guid":{"rendered":"https:\/\/www.lodelmomentoloja.com\/?p=27471"},"modified":"2025-08-27T23:05:25","modified_gmt":"2025-08-27T23:05:25","slug":"lavinia-valbonesi-iniciara-su-formacion-academica-en-la-carrera-de-comunicacion-social","status":"publish","type":"post","link":"https:\/\/www.lodelmomentoloja.com\/?p=27471","title":{"rendered":"Lavinia Valbonesi iniciar\u00e1 su formaci\u00f3n acad\u00e9mica en la carrera de Comunicaci\u00f3n Social."},"content":{"rendered":"<p class=\"selectable-text copyable-text x15bjb6t x1n2onr6\"><span class=\"x19la9d6 x1fc57z9 x6ikm8r x10wlt62 x19co3pv x1g5zs5t xfibh0p xiy17q3 x1xsqp64 x1lkfr7t xexx8yu xyri2b x18d9i69 x1c1uobl\"><span class=\"xrtxmta x1bhl96m\"><img loading=\"lazy\" decoding=\"async\" class=\"wp-image-27472 aligncenter\" src=\"http:\/\/www.lodelmomentoloja.com\/wp-content\/uploads\/2025\/08\/WhatsApp-Image-2025-08-27-at-5.48.02-PM-300x169.jpeg\" alt=\"\" width=\"872\" height=\"491\" srcset=\"https:\/\/www.lodelmomentoloja.com\/wp-content\/uploads\/2025\/08\/WhatsApp-Image-2025-08-27-at-5.48.02-PM-300x169.jpeg 300w, https:\/\/www.lodelmomentoloja.com\/wp-content\/uploads\/2025\/08\/WhatsApp-Image-2025-08-27-at-5.48.02-PM-1024x576.jpeg 1024w, https:\/\/www.lodelmomentoloja.com\/wp-content\/uploads\/2025\/08\/WhatsApp-Image-2025-08-27-at-5.48.02-PM-768x432.jpeg 768w, https:\/\/www.lodelmomentoloja.com\/wp-content\/uploads\/2025\/08\/WhatsApp-Image-2025-08-27-at-5.48.02-PM-640x360.jpeg 640w, https:\/\/www.lodelmomentoloja.com\/wp-content\/uploads\/2025\/08\/WhatsApp-Image-2025-08-27-at-5.48.02-PM-1536x864.jpeg 1536w, https:\/\/www.lodelmomentoloja.com\/wp-content\/uploads\/2025\/08\/WhatsApp-Image-2025-08-27-at-5.48.02-PM.jpeg 1600w\" sizes=\"(max-width: 872px) 100vw, 872px\" \/><\/p>\n<p>\ud83d\udcda<\/span><\/span><span class=\"x19la9d6 x1fc57z9 x6ikm8r x10wlt62 x19co3pv x1g5zs5t xfibh0p xiy17q3 x1xsqp64 x1lkfr7t xexx8yu xyri2b x18d9i69 x1c1uobl\"><span class=\"xrtxmta x1bhl96m\">\ud83e\udd13<\/span><\/span><span class=\"x19la9d6 x1fc57z9 x6ikm8r x10wlt62 x19co3pv x1g5zs5t xfibh0p xiy17q3 x1xsqp64 x1lkfr7t xexx8yu xyri2b x18d9i69 x1c1uobl\"><span class=\"xrtxmta x1bhl96m\">\ud83d\udde3\ufe0f<\/span><\/span><span class=\"selectable-text copyable-text xkrh14z\"> \u00a1Nunca es tarde para aprender! La primera dama Lavinia Valbonesi, inici\u00f3 su formaci\u00f3n acad\u00e9mica de tercer nivel en la carrera de Comunicaci\u00f3n Social de la Facultad Internacional de Comunicaci\u00f3n e Industrias Culturales en la Universidad Hemisferios en la ciudad de Quito \u00bfC\u00f3mo ser\u00e1n las clases que tomar\u00e1? En el siguiente reportaje te contamos los detalles.<\/span><\/p>\n<div style=\"width: 640px;\" class=\"wp-video\"><!--[if lt IE 9]><script>document.createElement('video');<\/script><![endif]-->\n<video class=\"wp-video-shortcode\" id=\"video-27471-1\" width=\"640\" height=\"360\" preload=\"metadata\" controls=\"controls\"><source type=\"video\/mp4\" src=\"http:\/\/www.lodelmomentoloja.com\/wp-content\/uploads\/2025\/08\/LAVINIA-VALBONESI-REDUCIDO.mp4?_=1\" \/><a href=\"http:\/\/www.lodelmomentoloja.com\/wp-content\/uploads\/2025\/08\/LAVINIA-VALBONESI-REDUCIDO.mp4\">http:\/\/www.lodelmomentoloja.com\/wp-content\/uploads\/2025\/08\/LAVINIA-VALBONESI-REDUCIDO.mp4<\/a><\/video><\/div>\n<p>Adem\u00e1s, formar\u00e1 parte del programa de Liderazgo y Gerencia P\u00fablica para Mujeres de la Escuela de Gobierno UHE, inspirado en un modelo de Harvard Kennedy School. El anuncio lo emiti\u00f3 la Instituci\u00f3n de Educaci\u00f3n Superior, a prop\u00f3sito de la entrega de 10 becas a mujeres beneficiarias del Proyecto Ana, liderado por Valbonesi.<\/p>\n<p>La carrera tiene una duraci\u00f3n de ocho semestres y tiene un costo de USD 28.168 m\u00e1s los valores extracurriculares.<br \/>\nLa Universidad aclar\u00f3 que, como el resto de los estudiantes, Valbonesi deber\u00e1 cumplir con los requisitos para obtener el t\u00edtulo universitario, que implica:<br \/>\n&#8211; Completar la malla curricular de la carrera<br \/>\n&#8211; Realizar pr\u00e1cticas laborales<br \/>\n&#8211; Servicio comunitario en uno de los proyectos de vinculaci\u00f3n<br \/>\n&#8211; Acreditar un nivel B2 de ingl\u00e9s<br \/>\n&#8211; Presentar un trabajo de titulaci\u00f3n.<\/p>\n<p>La instituci\u00f3n aclar\u00f3 que, debido a su perfil p\u00fablico y a los protocolos de seguridad que rodean a la primera dama, se dispuso un plan especial para su asistencia al campus, con el fin de garantizar la tranquilidad de la comunidad universitaria.<\/p>\n<p class=\"selectable-text copyable-text x15bjb6t x1n2onr6\"><span class=\"x19la9d6 x1fc57z9 x6ikm8r x10wlt62 x19co3pv x1g5zs5t xfibh0p xiy17q3 x1xsqp64 x1lkfr7t xexx8yu xyri2b x18d9i69 x1c1uobl\"><span class=\"xrtxmta x1bhl96m\">\ud83c\udf10<\/span><\/span><span class=\"x19la9d6 x1fc57z9 x6ikm8r x10wlt62 x19co3pv x1g5zs5t xfibh0p xiy17q3 x1xsqp64 x1lkfr7t xexx8yu xyri2b x18d9i69 x1c1uobl\"><span class=\"xrtxmta x1bhl96m\">\u2705<\/span><\/span><span class=\"selectable-text copyable-text xkrh14z\"> S\u00edguenos en nuestra p\u00e1gina verificada: <\/span><span class=\"selectable-text copyable-text xkrh14z\">https:\/\/www.facebook.com\/lodelmomentolojaEC<\/span><\/p>\n<p class=\"selectable-text copyable-text x15bjb6t x1n2onr6\"><span class=\"selectable-text copyable-text xkrh14z\">www.lodelmomentoloja.com<\/span><\/p>\n<p class=\"selectable-text copyable-text x15bjb6t x1n2onr6\"><span class=\"selectable-text copyable-text xkrh14z\">#LDMnoticias #lodelmomentolojaLDM<\/span><\/p>\n","protected":false},"excerpt":{"rendered":"<p>\ud83d\udcda\ud83e\udd13\ud83d\udde3\ufe0f \u00a1Nunca es tarde para aprender! La primera dama Lavinia Valbonesi, inici\u00f3 su formaci\u00f3n acad\u00e9mica&#8230;<\/p>\n","protected":false},"author":1,"featured_media":0,"comment_status":"open","ping_status":"open","sticky":false,"template":"","format":"standard","meta":{"footnotes":""},"categories":[7,1,5],"tags":[],"class_list":["post-27471","post","type-post","status-publish","format-standard","hentry","category-ecuador","category-inicio","category-loja"],"_links":{"self":[{"href":"https:\/\/www.lodelmomentoloja.com\/index.php?rest_route=\/wp\/v2\/posts\/27471"}],"collection":[{"href":"https:\/\/www.lodelmomentoloja.com\/index.php?rest_route=\/wp\/v2\/posts"}],"about":[{"href":"https:\/\/www.lodelmomentoloja.com\/index.php?rest_route=\/wp\/v2\/types\/post"}],"author":[{"embeddable":true,"href":"https:\/\/www.lodelmomentoloja.com\/index.php?rest_route=\/wp\/v2\/users\/1"}],"replies":[{"embeddable":true,"href":"https:\/\/www.lodelmomentoloja.com\/index.php?rest_route=%2Fwp%2Fv2%2Fcomments&post=27471"}],"version-history":[{"count":1,"href":"https:\/\/www.lodelmomentoloja.com\/index.php?rest_route=\/wp\/v2\/posts\/27471\/revisions"}],"predecessor-version":[{"id":27474,"href":"https:\/\/www.lodelmomentoloja.com\/index.php?rest_route=\/wp\/v2\/posts\/27471\/revisions\/27474"}],"wp:attachment":[{"href":"https:\/\/www.lodelmomentoloja.com\/index.php?rest_route=%2Fwp%2Fv2%2Fmedia&parent=27471"}],"wp:term":[{"taxonomy":"category","embeddable":true,"href":"https:\/\/www.lodelmomentoloja.com\/index.php?rest_route=%2Fwp%2Fv2%2Fcategories&post=27471"},{"taxonomy":"post_tag","embeddable":true,"href":"https:\/\/www.lodelmomentoloja.com\/index.php?rest_route=%2Fwp%2Fv2%2Ftags&post=27471"}],"curies":[{"name":"wp","href":"https:\/\/api.w.org\/{rel}","templated":true}]}}