{"id":27443,"date":"2025-08-26T14:43:54","date_gmt":"2025-08-26T14:43:54","guid":{"rendered":"https:\/\/www.lodelmomentoloja.com\/?p=27443"},"modified":"2025-08-26T19:46:43","modified_gmt":"2025-08-26T19:46:43","slug":"faltan-2-dias-para-la-inauguracion-de-la-196-feria-de-loja-y-esta-es-la-programacion","status":"publish","type":"post","link":"https:\/\/www.lodelmomentoloja.com\/?p=27443","title":{"rendered":"Faltan 2 d\u00edas para la inauguraci\u00f3n de la 196 Feria de Loja y esta es la programaci\u00f3n."},"content":{"rendered":"<p class=\"selectable-text copyable-text x15bjb6t x1n2onr6\"><span class=\"x19la9d6 x1fc57z9 x6ikm8r x10wlt62 x19co3pv x1g5zs5t xfibh0p xiy17q3 x1xsqp64 x1lkfr7t xexx8yu xyri2b x18d9i69 x1c1uobl\"><span class=\"xrtxmta x1bhl96m\"><img loading=\"lazy\" decoding=\"async\" class=\"wp-image-27444 aligncenter\" src=\"http:\/\/www.lodelmomentoloja.com\/wp-content\/uploads\/2025\/08\/WhatsApp-Image-2025-08-26-at-2.36.26-PM-1-300x169.jpeg\" alt=\"\" width=\"920\" height=\"518\" srcset=\"https:\/\/www.lodelmomentoloja.com\/wp-content\/uploads\/2025\/08\/WhatsApp-Image-2025-08-26-at-2.36.26-PM-1-300x169.jpeg 300w, https:\/\/www.lodelmomentoloja.com\/wp-content\/uploads\/2025\/08\/WhatsApp-Image-2025-08-26-at-2.36.26-PM-1-1024x576.jpeg 1024w, https:\/\/www.lodelmomentoloja.com\/wp-content\/uploads\/2025\/08\/WhatsApp-Image-2025-08-26-at-2.36.26-PM-1-768x432.jpeg 768w, https:\/\/www.lodelmomentoloja.com\/wp-content\/uploads\/2025\/08\/WhatsApp-Image-2025-08-26-at-2.36.26-PM-1-640x360.jpeg 640w, https:\/\/www.lodelmomentoloja.com\/wp-content\/uploads\/2025\/08\/WhatsApp-Image-2025-08-26-at-2.36.26-PM-1-1536x864.jpeg 1536w, https:\/\/www.lodelmomentoloja.com\/wp-content\/uploads\/2025\/08\/WhatsApp-Image-2025-08-26-at-2.36.26-PM-1.jpeg 1600w\" sizes=\"(max-width: 920px) 100vw, 920px\" \/><\/p>\n<p>\ud83c\udfa1<\/span><\/span><span class=\"x19la9d6 x1fc57z9 x6ikm8r x10wlt62 x19co3pv x1g5zs5t xfibh0p xiy17q3 x1xsqp64 x1lkfr7t xexx8yu xyri2b x18d9i69 x1c1uobl\"><span class=\"xrtxmta x1bhl96m\">\ud83c\udf86<\/span><\/span><span class=\"x19la9d6 x1fc57z9 x6ikm8r x10wlt62 x19co3pv x1g5zs5t xfibh0p xiy17q3 x1xsqp64 x1lkfr7t xexx8yu xyri2b x18d9i69 x1c1uobl\"><span class=\"xrtxmta x1bhl96m\">\ud83e\udd73<\/span><\/span><span class=\"selectable-text copyable-text xkrh14z\"> \u00a1Esta es la programaci\u00f3n! Faltan 2 d\u00edas para la inauguraci\u00f3n de la 196 Feria de Loja que se llevar\u00e1 a cabo este 28 de agosto y se realizar\u00e1 hasta el 14 de septiembre de 2025 en el Complejo Ferial Sim\u00f3n Bol\u00edvar. Este evento que estar\u00e1 integrado por una amplia programaci\u00f3n cultural y art\u00edstica, la cual te la contamos en el siguiente reportaje.<br \/>\n<\/span><\/p>\n<div style=\"width: 640px;\" class=\"wp-video\"><!--[if lt IE 9]><script>document.createElement('video');<\/script><![endif]-->\n<video class=\"wp-video-shortcode\" id=\"video-27443-1\" width=\"640\" height=\"360\" preload=\"metadata\" controls=\"controls\"><source type=\"video\/mp4\" src=\"http:\/\/www.lodelmomentoloja.com\/wp-content\/uploads\/2025\/08\/196-FERIA-DE-LOJA-REDUCIDO.mp4?_=1\" \/><a href=\"http:\/\/www.lodelmomentoloja.com\/wp-content\/uploads\/2025\/08\/196-FERIA-DE-LOJA-REDUCIDO.mp4\">http:\/\/www.lodelmomentoloja.com\/wp-content\/uploads\/2025\/08\/196-FERIA-DE-LOJA-REDUCIDO.mp4<\/a><\/video><\/div>\n<p class=\"selectable-text copyable-text x15bjb6t x1n2onr6\"><span class=\"selectable-text copyable-text xkrh14z\">\u00a0<\/span><\/p>\n<p>Para esta edici\u00f3n, la feria presentar\u00e1 cambios en su infraestructura, incluyendo una nave comercial renovada y el cerramiento del \u00e1rea de espect\u00e1culos, es decir, habr\u00e1 una tarifa diferenciada para la entrada general a la feria y, otra para los conciertos. Adem\u00e1s, el parque de diversiones ofrecer\u00e1 12 nuevas atracciones mec\u00e1nicas y, a ellos se sumas las diferentes actividades gastron\u00f3micas, culturales, empresariales, musicales y deportivos que se tienen previstas.<\/p>\n<p>Para las Noches de Feria, la ciudadan\u00eda podr\u00e1 disfrutar de 7 conciertos con artistas nacionales e internacionales. Gracias a la concesi\u00f3n de la empresa privada, los eventos art\u00edsticos dar\u00e1n inicio con la presentaci\u00f3n de la orquesta peruana Grupo 05 el 29 de agosto. A ellos se suma Grupo Gal\u00e9 el 05 de septiembre, el Chicha Mix Fest el 06 de septiembre y el artista del momento Jombriel el 11 de septiembre.<\/p>\n<p>De igual manera, el Comit\u00e9 de Ferias ha confirmado la presentaci\u00f3n de Francy el 30 de agosto, Hebert Vargas el 12 de septiembre y la Trilog\u00eda del Rock el 13 de septiembre el cual reunir\u00e1 a grandes exponentes del rock en el escenario, desde Colombia la agrupaci\u00f3n Kraken, desde Argentina Soda Infinito, un tributo a la m\u00edtica banda Soda Stero y representando a Ecuador, Bajo Sue\u00f1os.<\/p>\n<p>La 196 Feria de Loja atender\u00e1 de lunes a mi\u00e9rcoles de 12H00 a 22H00 y de jueves a domingo de 10H00 a 23H00. El valor de ingreso general ser\u00e1 de $2 para adultos y $1 para ni\u00f1os, personas de tercera edad y con discapacidad, mientras que, para los conciertos, la tarifa ser\u00e1 de acuerdo al evento.<span class=\"selectable-text copyable-text xkrh14z\"><br \/>\n<\/span><\/p>\n<p class=\"selectable-text copyable-text x15bjb6t x1n2onr6\"><span class=\"x19la9d6 x1fc57z9 x6ikm8r x10wlt62 x19co3pv x1g5zs5t xfibh0p xiy17q3 x1xsqp64 x1lkfr7t xexx8yu xyri2b x18d9i69 x1c1uobl\"><span class=\"xrtxmta x1bhl96m\">\ud83c\udf10<\/span><\/span><span class=\"x19la9d6 x1fc57z9 x6ikm8r x10wlt62 x19co3pv x1g5zs5t xfibh0p xiy17q3 x1xsqp64 x1lkfr7t xexx8yu xyri2b x18d9i69 x1c1uobl\"><span class=\"xrtxmta x1bhl96m\">\u2705<\/span><\/span><span class=\"selectable-text copyable-text xkrh14z\"> S\u00edguenos en nuestra p\u00e1gina verificada: <\/span><span class=\"selectable-text copyable-text xkrh14z\">https:\/\/www.facebook.com\/lodelmomentolojaEC<\/span><\/p>\n<p class=\"selectable-text copyable-text x15bjb6t x1n2onr6\"><span class=\"selectable-text copyable-text xkrh14z\">www.lodelmomentoloja.com<\/span><\/p>\n<p class=\"selectable-text copyable-text x15bjb6t x1n2onr6\"><span class=\"selectable-text copyable-text xkrh14z\">#LDMnoticias #lodelmomentolojaLDM<\/span><\/p>\n","protected":false},"excerpt":{"rendered":"<p>\ud83c\udfa1\ud83c\udf86\ud83e\udd73 \u00a1Esta es la programaci\u00f3n! Faltan 2 d\u00edas para la inauguraci\u00f3n de la 196 Feria&#8230;<\/p>\n","protected":false},"author":1,"featured_media":0,"comment_status":"open","ping_status":"open","sticky":false,"template":"","format":"standard","meta":{"footnotes":""},"categories":[7,1,5],"tags":[],"class_list":["post-27443","post","type-post","status-publish","format-standard","hentry","category-ecuador","category-inicio","category-loja"],"_links":{"self":[{"href":"https:\/\/www.lodelmomentoloja.com\/index.php?rest_route=\/wp\/v2\/posts\/27443"}],"collection":[{"href":"https:\/\/www.lodelmomentoloja.com\/index.php?rest_route=\/wp\/v2\/posts"}],"about":[{"href":"https:\/\/www.lodelmomentoloja.com\/index.php?rest_route=\/wp\/v2\/types\/post"}],"author":[{"embeddable":true,"href":"https:\/\/www.lodelmomentoloja.com\/index.php?rest_route=\/wp\/v2\/users\/1"}],"replies":[{"embeddable":true,"href":"https:\/\/www.lodelmomentoloja.com\/index.php?rest_route=%2Fwp%2Fv2%2Fcomments&post=27443"}],"version-history":[{"count":1,"href":"https:\/\/www.lodelmomentoloja.com\/index.php?rest_route=\/wp\/v2\/posts\/27443\/revisions"}],"predecessor-version":[{"id":27446,"href":"https:\/\/www.lodelmomentoloja.com\/index.php?rest_route=\/wp\/v2\/posts\/27443\/revisions\/27446"}],"wp:attachment":[{"href":"https:\/\/www.lodelmomentoloja.com\/index.php?rest_route=%2Fwp%2Fv2%2Fmedia&parent=27443"}],"wp:term":[{"taxonomy":"category","embeddable":true,"href":"https:\/\/www.lodelmomentoloja.com\/index.php?rest_route=%2Fwp%2Fv2%2Fcategories&post=27443"},{"taxonomy":"post_tag","embeddable":true,"href":"https:\/\/www.lodelmomentoloja.com\/index.php?rest_route=%2Fwp%2Fv2%2Ftags&post=27443"}],"curies":[{"name":"wp","href":"https:\/\/api.w.org\/{rel}","templated":true}]}}