{"id":27416,"date":"2025-08-25T13:06:13","date_gmt":"2025-08-25T13:06:13","guid":{"rendered":"https:\/\/www.lodelmomentoloja.com\/?p=27416"},"modified":"2025-08-25T18:07:02","modified_gmt":"2025-08-25T18:07:02","slug":"marcha-pacifica-de-parte-de-afiliados-al-seguro-campesino-en-loja","status":"publish","type":"post","link":"https:\/\/www.lodelmomentoloja.com\/?p=27416","title":{"rendered":"MARCHA PAC\u00cdFICA DE PARTE DE AFILIADOS AL SEGURO CAMPESINO EN LOJA"},"content":{"rendered":"<p>\ud83d\udde3\ufe0f\ud83c\udfe5\ud83d\ude4f\ud83c\udffb\u00a1Pese a la lluvia! Durante horas de la ma\u00f1ana de este 25 de agosto del 2025, en los exteriores de la Gobernaci\u00f3n de Loja, decenas de afiliados al seguro campesino, a trav\u00e9s de una marcha pac\u00edfica, piden un cambio de autoridades tanto de la Direcci\u00f3n, como la Coordinaci\u00f3n del Instituto Ecuatoriano de Seguridad Social (IESS) en Loja, esto ante la falta de atenci\u00f3n y medicina para los adeptos a dicha instituci\u00f3n.<\/p>\n<p>\ud83c\udf10\u2705 S\u00edguenos en nuestra p\u00e1gina verificada: https:\/\/www.facebook.com\/lodelmomentolojaEC<\/p>\n<p>www.lodelmomentoloja.com<br \/>\n<a class=\"x1i10hfl xjbqb8w x1ejq31n x18oe1m7 x1sy0etr xstzfhl x972fbf x10w94by x1qhh985 x14e42zd x9f619 x1ypdohk xt0psk2 x3ct3a4 xdj266r x14z9mp xat24cr x1lziwak xexx8yu xyri2b x18d9i69 x1c1uobl x16tdsg8 x1hl2dhg xggy1nq x1a2a7pz  _aa9_ _a6hd\" tabindex=\"0\" role=\"link\" href=\"https:\/\/www.instagram.com\/explore\/tags\/ldmnoticias\/\">#LDMnoticias<\/a>\u00a0<a class=\"x1i10hfl xjbqb8w x1ejq31n x18oe1m7 x1sy0etr xstzfhl x972fbf x10w94by x1qhh985 x14e42zd x9f619 x1ypdohk xt0psk2 x3ct3a4 xdj266r x14z9mp xat24cr x1lziwak xexx8yu xyri2b x18d9i69 x1c1uobl x16tdsg8 x1hl2dhg xggy1nq x1a2a7pz  _aa9_ _a6hd\" tabindex=\"0\" role=\"link\" href=\"https:\/\/www.instagram.com\/explore\/tags\/lodelmomentolojaldm\/\">#lodelmomentolojaLDM<\/a><\/p>\n","protected":false},"excerpt":{"rendered":"<p>\ud83d\udde3\ufe0f\ud83c\udfe5\ud83d\ude4f\ud83c\udffb\u00a1Pese a la lluvia! Durante horas de la ma\u00f1ana de este 25 de agosto del&#8230;<\/p>\n","protected":false},"author":1,"featured_media":27417,"comment_status":"open","ping_status":"open","sticky":false,"template":"","format":"standard","meta":{"footnotes":""},"categories":[7,1,5],"tags":[],"class_list":["post-27416","post","type-post","status-publish","format-standard","has-post-thumbnail","hentry","category-ecuador","category-inicio","category-loja"],"_links":{"self":[{"href":"https:\/\/www.lodelmomentoloja.com\/index.php?rest_route=\/wp\/v2\/posts\/27416"}],"collection":[{"href":"https:\/\/www.lodelmomentoloja.com\/index.php?rest_route=\/wp\/v2\/posts"}],"about":[{"href":"https:\/\/www.lodelmomentoloja.com\/index.php?rest_route=\/wp\/v2\/types\/post"}],"author":[{"embeddable":true,"href":"https:\/\/www.lodelmomentoloja.com\/index.php?rest_route=\/wp\/v2\/users\/1"}],"replies":[{"embeddable":true,"href":"https:\/\/www.lodelmomentoloja.com\/index.php?rest_route=%2Fwp%2Fv2%2Fcomments&post=27416"}],"version-history":[{"count":1,"href":"https:\/\/www.lodelmomentoloja.com\/index.php?rest_route=\/wp\/v2\/posts\/27416\/revisions"}],"predecessor-version":[{"id":27418,"href":"https:\/\/www.lodelmomentoloja.com\/index.php?rest_route=\/wp\/v2\/posts\/27416\/revisions\/27418"}],"wp:featuredmedia":[{"embeddable":true,"href":"https:\/\/www.lodelmomentoloja.com\/index.php?rest_route=\/wp\/v2\/media\/27417"}],"wp:attachment":[{"href":"https:\/\/www.lodelmomentoloja.com\/index.php?rest_route=%2Fwp%2Fv2%2Fmedia&parent=27416"}],"wp:term":[{"taxonomy":"category","embeddable":true,"href":"https:\/\/www.lodelmomentoloja.com\/index.php?rest_route=%2Fwp%2Fv2%2Fcategories&post=27416"},{"taxonomy":"post_tag","embeddable":true,"href":"https:\/\/www.lodelmomentoloja.com\/index.php?rest_route=%2Fwp%2Fv2%2Ftags&post=27416"}],"curies":[{"name":"wp","href":"https:\/\/api.w.org\/{rel}","templated":true}]}}