{"id":27412,"date":"2025-08-25T11:13:00","date_gmt":"2025-08-25T11:13:00","guid":{"rendered":"https:\/\/www.lodelmomentoloja.com\/?p=27412"},"modified":"2025-08-25T16:17:03","modified_gmt":"2025-08-25T16:17:03","slug":"habitantes-de-la-parroquia-yamana-construyen-la-iglesia-la-dolorosa","status":"publish","type":"post","link":"https:\/\/www.lodelmomentoloja.com\/?p=27412","title":{"rendered":"Habitantes de la parroquia Yamana construyen la iglesia La Dolorosa."},"content":{"rendered":"<p class=\"selectable-text copyable-text x15bjb6t x1n2onr6\"><span class=\"x19la9d6 x1fc57z9 x6ikm8r x10wlt62 x19co3pv x1g5zs5t xfibh0p xiy17q3 x1xsqp64 x1lkfr7t xexx8yu xyri2b x18d9i69 x1c1uobl\"><span class=\"xrtxmta x1bhl96m\"><img loading=\"lazy\" decoding=\"async\" class=\"wp-image-27414 aligncenter\" src=\"http:\/\/www.lodelmomentoloja.com\/wp-content\/uploads\/2025\/08\/WhatsApp-Image-2025-08-25-at-11.03.47-AM-300x169.jpeg\" alt=\"\" width=\"912\" height=\"514\" srcset=\"https:\/\/www.lodelmomentoloja.com\/wp-content\/uploads\/2025\/08\/WhatsApp-Image-2025-08-25-at-11.03.47-AM-300x169.jpeg 300w, https:\/\/www.lodelmomentoloja.com\/wp-content\/uploads\/2025\/08\/WhatsApp-Image-2025-08-25-at-11.03.47-AM-1024x576.jpeg 1024w, https:\/\/www.lodelmomentoloja.com\/wp-content\/uploads\/2025\/08\/WhatsApp-Image-2025-08-25-at-11.03.47-AM-768x432.jpeg 768w, https:\/\/www.lodelmomentoloja.com\/wp-content\/uploads\/2025\/08\/WhatsApp-Image-2025-08-25-at-11.03.47-AM-640x360.jpeg 640w, https:\/\/www.lodelmomentoloja.com\/wp-content\/uploads\/2025\/08\/WhatsApp-Image-2025-08-25-at-11.03.47-AM-1536x864.jpeg 1536w, https:\/\/www.lodelmomentoloja.com\/wp-content\/uploads\/2025\/08\/WhatsApp-Image-2025-08-25-at-11.03.47-AM.jpeg 1600w\" sizes=\"(max-width: 912px) 100vw, 912px\" \/><\/p>\n<p>\ud83d\udea7<\/span><\/span><span class=\"x19la9d6 x1fc57z9 x6ikm8r x10wlt62 x19co3pv x1g5zs5t xfibh0p xiy17q3 x1xsqp64 x1lkfr7t xexx8yu xyri2b x18d9i69 x1c1uobl\"><span class=\"xrtxmta x1bhl96m\">\u271d\ufe0f<\/span><\/span><span class=\"x19la9d6 x1fc57z9 x6ikm8r x10wlt62 x19co3pv x1g5zs5t xfibh0p xiy17q3 x1xsqp64 x1lkfr7t xexx8yu xyri2b x18d9i69 x1c1uobl\"><span class=\"xrtxmta x1bhl96m\">\u26ea<\/span><\/span><span class=\"selectable-text copyable-text xkrh14z\"> \u00a1Movidos por la fe! Los habitantes de la parroquia Yamana, cant\u00f3n Paltas se han unido para a hacer realidad la construcci\u00f3n de la iglesia La Dolorosa, para lo cual han iniciado una campa\u00f1a de recolecci\u00f3n de aportes voluntarios y, gracias a la colaboraci\u00f3n de cada uno de ellos, los trabajos avanzan de manera progresiva.<\/span><\/p>\n<div style=\"width: 640px;\" class=\"wp-video\"><!--[if lt IE 9]><script>document.createElement('video');<\/script><![endif]-->\n<video class=\"wp-video-shortcode\" id=\"video-27412-1\" width=\"640\" height=\"360\" preload=\"metadata\" controls=\"controls\"><source type=\"video\/mp4\" src=\"http:\/\/www.lodelmomentoloja.com\/wp-content\/uploads\/2025\/08\/IGLESIA-DE-YAMANA-REDUCIDO.mp4?_=1\" \/><a href=\"http:\/\/www.lodelmomentoloja.com\/wp-content\/uploads\/2025\/08\/IGLESIA-DE-YAMANA-REDUCIDO.mp4\">http:\/\/www.lodelmomentoloja.com\/wp-content\/uploads\/2025\/08\/IGLESIA-DE-YAMANA-REDUCIDO.mp4<\/a><\/video><\/div>\n<p>Una obra que est\u00e1 cargo del Comit\u00e9 de Construcci\u00f3n e inici\u00f3 en mayo de 2025, fecha en la que, con la presencia del Obispo de la Di\u00f3cesis de Loja, Monse\u00f1or Walter Heras se coloc\u00f3 la primera piedra luego de que el primer templo levantado hace m\u00e1s de 90 a\u00f1os presentara severos da\u00f1os en su infraestructura y, hasta el momento, ya se han levantado las primeras estructuras de la edificaci\u00f3n que llenan de entusiasmo a la parroquia que cada d\u00eda, ve m\u00e1s cerca la culminaci\u00f3n de la obra, los organizadores destacan los avances.<\/p>\n<p>La edificaci\u00f3n de la iglesia refleja la uni\u00f3n y el compromiso de los habitantes de Yamana quienes buscan dejar un legado a las futuras generaciones, consolidando a la iglesia La Dolorosa como s\u00edmbolo de identidad y espiritualidad para toda la parroquia.<\/p>\n<p>Los habitantes de Yamana hacen un llamado a m\u00e1s personas de la parroquia y a aquellos interesados que deseen colaborar con esta causa, ya sea con la donaci\u00f3n de materiales para la construcci\u00f3n o con contribuciones econ\u00f3micas que aportar\u00edan a solventar los gastos del proyecto.<\/p>\n<p>Recuerda que cada granito de arena puede marcar la diferencia.<\/p>\n<p class=\"selectable-text copyable-text x15bjb6t x1n2onr6\"><span class=\"x19la9d6 x1fc57z9 x6ikm8r x10wlt62 x19co3pv x1g5zs5t xfibh0p xiy17q3 x1xsqp64 x1lkfr7t xexx8yu xyri2b x18d9i69 x1c1uobl\"><span class=\"xrtxmta x1bhl96m\">\ud83c\udf10<\/span><\/span><span class=\"x19la9d6 x1fc57z9 x6ikm8r x10wlt62 x19co3pv x1g5zs5t xfibh0p xiy17q3 x1xsqp64 x1lkfr7t xexx8yu xyri2b x18d9i69 x1c1uobl\"><span class=\"xrtxmta x1bhl96m\">\u2705<\/span><\/span><span class=\"selectable-text copyable-text xkrh14z\"> S\u00edguenos en nuestra p\u00e1gina verificada: <\/span><span class=\"selectable-text copyable-text xkrh14z\">https:\/\/www.facebook.com\/lodelmomentolojaEC<\/span><\/p>\n<p class=\"selectable-text copyable-text x15bjb6t x1n2onr6\"><span class=\"selectable-text copyable-text xkrh14z\">www.lodelmomentoloja.com<\/span><\/p>\n<p class=\"selectable-text copyable-text x15bjb6t x1n2onr6\"><span class=\"selectable-text copyable-text xkrh14z\">#LDMnoticias #lodelmomentolojaLDM<\/span><\/p>\n","protected":false},"excerpt":{"rendered":"<p>\ud83d\udea7\u271d\ufe0f\u26ea \u00a1Movidos por la fe! Los habitantes de la parroquia Yamana, cant\u00f3n Paltas se han&#8230;<\/p>\n","protected":false},"author":1,"featured_media":0,"comment_status":"open","ping_status":"open","sticky":false,"template":"","format":"standard","meta":{"footnotes":""},"categories":[7,1,5],"tags":[],"class_list":["post-27412","post","type-post","status-publish","format-standard","hentry","category-ecuador","category-inicio","category-loja"],"_links":{"self":[{"href":"https:\/\/www.lodelmomentoloja.com\/index.php?rest_route=\/wp\/v2\/posts\/27412"}],"collection":[{"href":"https:\/\/www.lodelmomentoloja.com\/index.php?rest_route=\/wp\/v2\/posts"}],"about":[{"href":"https:\/\/www.lodelmomentoloja.com\/index.php?rest_route=\/wp\/v2\/types\/post"}],"author":[{"embeddable":true,"href":"https:\/\/www.lodelmomentoloja.com\/index.php?rest_route=\/wp\/v2\/users\/1"}],"replies":[{"embeddable":true,"href":"https:\/\/www.lodelmomentoloja.com\/index.php?rest_route=%2Fwp%2Fv2%2Fcomments&post=27412"}],"version-history":[{"count":1,"href":"https:\/\/www.lodelmomentoloja.com\/index.php?rest_route=\/wp\/v2\/posts\/27412\/revisions"}],"predecessor-version":[{"id":27415,"href":"https:\/\/www.lodelmomentoloja.com\/index.php?rest_route=\/wp\/v2\/posts\/27412\/revisions\/27415"}],"wp:attachment":[{"href":"https:\/\/www.lodelmomentoloja.com\/index.php?rest_route=%2Fwp%2Fv2%2Fmedia&parent=27412"}],"wp:term":[{"taxonomy":"category","embeddable":true,"href":"https:\/\/www.lodelmomentoloja.com\/index.php?rest_route=%2Fwp%2Fv2%2Fcategories&post=27412"},{"taxonomy":"post_tag","embeddable":true,"href":"https:\/\/www.lodelmomentoloja.com\/index.php?rest_route=%2Fwp%2Fv2%2Ftags&post=27412"}],"curies":[{"name":"wp","href":"https:\/\/api.w.org\/{rel}","templated":true}]}}