{"id":2741,"date":"2021-02-26T11:35:12","date_gmt":"2021-02-26T11:35:12","guid":{"rendered":"http:\/\/www.lodelmomentoloja.com\/?p=2741"},"modified":"2021-02-26T16:36:33","modified_gmt":"2021-02-26T16:36:33","slug":"reaccion-de-exiliado-de-jorge-bailon","status":"publish","type":"post","link":"https:\/\/www.lodelmomentoloja.com\/?p=2741","title":{"rendered":"Reacci\u00f3n de exiliado de Jorge Bail\u00f3n"},"content":{"rendered":"<p>#Loja | Reacci\u00f3n de exaliado de Jorge Bail\u00f3n.<\/p>\n<p>Jairo Monta\u00f1o exdirector Provincial de Centro Democr\u00e1tico en Loja, se pronunci\u00f3 sobre la organizaci\u00f3n del colectivo &#8220;Loja para todos&#8221; que realiza la marcha a favor del Alcalde Jorge Bail\u00f3n, esto mediante un grupo de whastapp donde compart\u00edan fotos de la reuni\u00f3n de ayer y mencionaba de forma textual lo siguiente: &#8220;Qu\u00e9 paso que se nos adelantaron en apropiarse del Municipio de Loja. jijiji&#8230;.&#8221;<\/p>\n<p>Esta reuni\u00f3n se consolida tras las declaraciones del Alcalde Bail\u00f3n ante la postura que tomaron algunos concejales tras el informe de la Contralor\u00eda en el caso Mascarillas, donde hablan en una posible remoci\u00f3n del cargo.<\/p>\n<p>www.lodelmomentoloja.com<br \/>\n#LDMnoticias #lodelmomentolojaLDM<\/p>\n","protected":false},"excerpt":{"rendered":"<p>#Loja | Reacci\u00f3n de exaliado de Jorge Bail\u00f3n. Jairo Monta\u00f1o exdirector Provincial de Centro Democr\u00e1tico&#8230;<\/p>\n","protected":false},"author":1,"featured_media":2742,"comment_status":"open","ping_status":"open","sticky":false,"template":"","format":"standard","meta":{"footnotes":""},"categories":[1],"tags":[],"class_list":["post-2741","post","type-post","status-publish","format-standard","has-post-thumbnail","hentry","category-inicio"],"_links":{"self":[{"href":"https:\/\/www.lodelmomentoloja.com\/index.php?rest_route=\/wp\/v2\/posts\/2741"}],"collection":[{"href":"https:\/\/www.lodelmomentoloja.com\/index.php?rest_route=\/wp\/v2\/posts"}],"about":[{"href":"https:\/\/www.lodelmomentoloja.com\/index.php?rest_route=\/wp\/v2\/types\/post"}],"author":[{"embeddable":true,"href":"https:\/\/www.lodelmomentoloja.com\/index.php?rest_route=\/wp\/v2\/users\/1"}],"replies":[{"embeddable":true,"href":"https:\/\/www.lodelmomentoloja.com\/index.php?rest_route=%2Fwp%2Fv2%2Fcomments&post=2741"}],"version-history":[{"count":1,"href":"https:\/\/www.lodelmomentoloja.com\/index.php?rest_route=\/wp\/v2\/posts\/2741\/revisions"}],"predecessor-version":[{"id":2743,"href":"https:\/\/www.lodelmomentoloja.com\/index.php?rest_route=\/wp\/v2\/posts\/2741\/revisions\/2743"}],"wp:featuredmedia":[{"embeddable":true,"href":"https:\/\/www.lodelmomentoloja.com\/index.php?rest_route=\/wp\/v2\/media\/2742"}],"wp:attachment":[{"href":"https:\/\/www.lodelmomentoloja.com\/index.php?rest_route=%2Fwp%2Fv2%2Fmedia&parent=2741"}],"wp:term":[{"taxonomy":"category","embeddable":true,"href":"https:\/\/www.lodelmomentoloja.com\/index.php?rest_route=%2Fwp%2Fv2%2Fcategories&post=2741"},{"taxonomy":"post_tag","embeddable":true,"href":"https:\/\/www.lodelmomentoloja.com\/index.php?rest_route=%2Fwp%2Fv2%2Ftags&post=2741"}],"curies":[{"name":"wp","href":"https:\/\/api.w.org\/{rel}","templated":true}]}}