{"id":27400,"date":"2025-08-25T08:30:42","date_gmt":"2025-08-25T08:30:42","guid":{"rendered":"https:\/\/www.lodelmomentoloja.com\/?p=27400"},"modified":"2025-08-25T13:40:58","modified_gmt":"2025-08-25T13:40:58","slug":"asambleista-de-la-rc-mariuxi-sanchez-f4ll3cio-la-noche-del-24-de-agosto","status":"publish","type":"post","link":"https:\/\/www.lodelmomentoloja.com\/?p=27400","title":{"rendered":"ASAMBLE\u00cdSTA DE LA RC, MARIUXI S\u00c1NCHEZ F4LL3CI\u00d3 LA NOCHE DEL 24 DE AGOSTO"},"content":{"rendered":"<p>\ud83d\ude14\ud83d\udda4\ud83d\udd4a\ufe0f\u00a1Triste noticia! La asamble\u00edsta de Orellana por la Revoluci\u00f3n Ciudadana, Mariuxi S\u00e1nchez Sarango, de la bancada de la Revoluci\u00f3n Ciudadana,\u00a0f4ll3c1\u00f3 a los 43 a\u00f1os de edad, seg\u00fan anunciaron sus familiares la noche del 24 de agosto de 2025, quienes a trav\u00e9s de un comunicado en redes sociales informaron: &#8220;Mariuxi parti\u00f3 rodeada del amor de quienes siempre la acompa\u00f1aron, dejando un legado de lucha, compromiso y profunda entrega por su gente y su tierra&#8221;.<\/p>\n<p>Los compa\u00f1eros de bancada de la Revoluci\u00f3n Ciudadana y miembros del partido, incluyendo al expresidente Rafael Correa, expresaron sus notas de pesar por la muerte de la asamble\u00edsta Mariuxi S\u00e1nchez, quien padec\u00eda c\u00e1ncer.<\/p>\n<p>\ud83c\udf10\u2705 S\u00edguenos en nuestra p\u00e1gina verificada: https:\/\/www.facebook.com\/lodelmomentolojaEC<\/p>\n<p>www.lodelmomentoloja.com<br \/>\n<a class=\"x1i10hfl xjbqb8w x1ejq31n x18oe1m7 x1sy0etr xstzfhl x972fbf x10w94by x1qhh985 x14e42zd x9f619 x1ypdohk xt0psk2 x3ct3a4 xdj266r x14z9mp xat24cr x1lziwak xexx8yu xyri2b x18d9i69 x1c1uobl x16tdsg8 x1hl2dhg xggy1nq x1a2a7pz  _aa9_ _a6hd\" tabindex=\"0\" role=\"link\" href=\"https:\/\/www.instagram.com\/explore\/tags\/ldmnoticias\/\">#LDMnoticias<\/a>\u00a0<a class=\"x1i10hfl xjbqb8w x1ejq31n x18oe1m7 x1sy0etr xstzfhl x972fbf x10w94by x1qhh985 x14e42zd x9f619 x1ypdohk xt0psk2 x3ct3a4 xdj266r x14z9mp xat24cr x1lziwak xexx8yu xyri2b x18d9i69 x1c1uobl x16tdsg8 x1hl2dhg xggy1nq x1a2a7pz  _aa9_ _a6hd\" tabindex=\"0\" role=\"link\" href=\"https:\/\/www.instagram.com\/explore\/tags\/lodelmomentolojaldm\/\">#lodelmomentolojaLDM<\/a><\/p>\n","protected":false},"excerpt":{"rendered":"<p>\ud83d\ude14\ud83d\udda4\ud83d\udd4a\ufe0f\u00a1Triste noticia! La asamble\u00edsta de Orellana por la Revoluci\u00f3n Ciudadana, Mariuxi S\u00e1nchez Sarango, de la&#8230;<\/p>\n","protected":false},"author":1,"featured_media":27401,"comment_status":"open","ping_status":"open","sticky":false,"template":"","format":"standard","meta":{"footnotes":""},"categories":[7,1],"tags":[],"class_list":["post-27400","post","type-post","status-publish","format-standard","has-post-thumbnail","hentry","category-ecuador","category-inicio"],"_links":{"self":[{"href":"https:\/\/www.lodelmomentoloja.com\/index.php?rest_route=\/wp\/v2\/posts\/27400"}],"collection":[{"href":"https:\/\/www.lodelmomentoloja.com\/index.php?rest_route=\/wp\/v2\/posts"}],"about":[{"href":"https:\/\/www.lodelmomentoloja.com\/index.php?rest_route=\/wp\/v2\/types\/post"}],"author":[{"embeddable":true,"href":"https:\/\/www.lodelmomentoloja.com\/index.php?rest_route=\/wp\/v2\/users\/1"}],"replies":[{"embeddable":true,"href":"https:\/\/www.lodelmomentoloja.com\/index.php?rest_route=%2Fwp%2Fv2%2Fcomments&post=27400"}],"version-history":[{"count":1,"href":"https:\/\/www.lodelmomentoloja.com\/index.php?rest_route=\/wp\/v2\/posts\/27400\/revisions"}],"predecessor-version":[{"id":27402,"href":"https:\/\/www.lodelmomentoloja.com\/index.php?rest_route=\/wp\/v2\/posts\/27400\/revisions\/27402"}],"wp:featuredmedia":[{"embeddable":true,"href":"https:\/\/www.lodelmomentoloja.com\/index.php?rest_route=\/wp\/v2\/media\/27401"}],"wp:attachment":[{"href":"https:\/\/www.lodelmomentoloja.com\/index.php?rest_route=%2Fwp%2Fv2%2Fmedia&parent=27400"}],"wp:term":[{"taxonomy":"category","embeddable":true,"href":"https:\/\/www.lodelmomentoloja.com\/index.php?rest_route=%2Fwp%2Fv2%2Fcategories&post=27400"},{"taxonomy":"post_tag","embeddable":true,"href":"https:\/\/www.lodelmomentoloja.com\/index.php?rest_route=%2Fwp%2Fv2%2Ftags&post=27400"}],"curies":[{"name":"wp","href":"https:\/\/api.w.org\/{rel}","templated":true}]}}