{"id":27350,"date":"2025-08-21T14:13:40","date_gmt":"2025-08-21T14:13:40","guid":{"rendered":"https:\/\/www.lodelmomentoloja.com\/?p=27350"},"modified":"2025-08-21T19:15:11","modified_gmt":"2025-08-21T19:15:11","slug":"gobierno-de-noboa-ordeno-desalojar-la-cc-pero-horas-despues-declino-de-la-decision","status":"publish","type":"post","link":"https:\/\/www.lodelmomentoloja.com\/?p=27350","title":{"rendered":"GOBIERNO DE NOBOA ORDEN\u00d3 DESALOJAR LA CC, PERO HORAS DESPU\u00c9S DECLIN\u00d3 DE LA DECISI\u00d3N"},"content":{"rendered":"<p>\ud83d\ude31\ud83d\udcc4\ud83c\udfe2\u00a1Hasta plazo les dieron! El pasado 19 de agosto, el gobierno de Daniel Noboa hab\u00eda emitido un informe otorgando una plazo de un mes improrrogable, para que los jueces de la Corte Constitucional (CC) desalojen el edificio ubicado en el centro-norte de Quito. Sin embargo durante el 20 de agosto, lleg\u00f3 hasta las instalaciones del CC, un oficio en el que se informaba al presidente del organismo Jhoel Escudero, que se dej\u00f3 &#8216;insubsintente&#8217; dicha disposici\u00f3n.<\/p>\n<p>Todo esto en medio de una pugna entre el primer mandatario y los nueve jueces de la Corte en el marco del tratamiento de decenas de demandas de inconstitucionalidad a tres leyes que se aprobaron en la Asamblea Nacional.<\/p>\n<p>\ud83c\udf10\u2705 S\u00edguenos en nuestra p\u00e1gina verificada: https:\/\/www.facebook.com\/lodelmomentolojaEC<\/p>\n<p>www.lodelmomentoloja.com<br \/>\n<a class=\"x1i10hfl xjbqb8w x1ejq31n x18oe1m7 x1sy0etr xstzfhl x972fbf x10w94by x1qhh985 x14e42zd x9f619 x1ypdohk xt0psk2 x3ct3a4 xdj266r x14z9mp xat24cr x1lziwak xexx8yu xyri2b x18d9i69 x1c1uobl x16tdsg8 x1hl2dhg xggy1nq x1a2a7pz  _aa9_ _a6hd\" tabindex=\"0\" role=\"link\" href=\"https:\/\/www.instagram.com\/explore\/tags\/ldmnoticias\/\">#LDMnoticias<\/a>\u00a0<a class=\"x1i10hfl xjbqb8w x1ejq31n x18oe1m7 x1sy0etr xstzfhl x972fbf x10w94by x1qhh985 x14e42zd x9f619 x1ypdohk xt0psk2 x3ct3a4 xdj266r x14z9mp xat24cr x1lziwak xexx8yu xyri2b x18d9i69 x1c1uobl x16tdsg8 x1hl2dhg xggy1nq x1a2a7pz  _aa9_ _a6hd\" tabindex=\"0\" role=\"link\" href=\"https:\/\/www.instagram.com\/explore\/tags\/lodelmomentolojaldm\/\">#lodelmomentolojaLDM<\/a><\/p>\n","protected":false},"excerpt":{"rendered":"<p>\ud83d\ude31\ud83d\udcc4\ud83c\udfe2\u00a1Hasta plazo les dieron! El pasado 19 de agosto, el gobierno de Daniel Noboa hab\u00eda&#8230;<\/p>\n","protected":false},"author":1,"featured_media":27351,"comment_status":"open","ping_status":"open","sticky":false,"template":"","format":"standard","meta":{"footnotes":""},"categories":[7,1,5],"tags":[],"class_list":["post-27350","post","type-post","status-publish","format-standard","has-post-thumbnail","hentry","category-ecuador","category-inicio","category-loja"],"_links":{"self":[{"href":"https:\/\/www.lodelmomentoloja.com\/index.php?rest_route=\/wp\/v2\/posts\/27350"}],"collection":[{"href":"https:\/\/www.lodelmomentoloja.com\/index.php?rest_route=\/wp\/v2\/posts"}],"about":[{"href":"https:\/\/www.lodelmomentoloja.com\/index.php?rest_route=\/wp\/v2\/types\/post"}],"author":[{"embeddable":true,"href":"https:\/\/www.lodelmomentoloja.com\/index.php?rest_route=\/wp\/v2\/users\/1"}],"replies":[{"embeddable":true,"href":"https:\/\/www.lodelmomentoloja.com\/index.php?rest_route=%2Fwp%2Fv2%2Fcomments&post=27350"}],"version-history":[{"count":1,"href":"https:\/\/www.lodelmomentoloja.com\/index.php?rest_route=\/wp\/v2\/posts\/27350\/revisions"}],"predecessor-version":[{"id":27352,"href":"https:\/\/www.lodelmomentoloja.com\/index.php?rest_route=\/wp\/v2\/posts\/27350\/revisions\/27352"}],"wp:featuredmedia":[{"embeddable":true,"href":"https:\/\/www.lodelmomentoloja.com\/index.php?rest_route=\/wp\/v2\/media\/27351"}],"wp:attachment":[{"href":"https:\/\/www.lodelmomentoloja.com\/index.php?rest_route=%2Fwp%2Fv2%2Fmedia&parent=27350"}],"wp:term":[{"taxonomy":"category","embeddable":true,"href":"https:\/\/www.lodelmomentoloja.com\/index.php?rest_route=%2Fwp%2Fv2%2Fcategories&post=27350"},{"taxonomy":"post_tag","embeddable":true,"href":"https:\/\/www.lodelmomentoloja.com\/index.php?rest_route=%2Fwp%2Fv2%2Ftags&post=27350"}],"curies":[{"name":"wp","href":"https:\/\/api.w.org\/{rel}","templated":true}]}}