{"id":27345,"date":"2025-08-21T12:51:50","date_gmt":"2025-08-21T12:51:50","guid":{"rendered":"https:\/\/www.lodelmomentoloja.com\/?p=27345"},"modified":"2025-08-21T17:17:01","modified_gmt":"2025-08-21T17:17:01","slug":"todo-lo-que-debes-saber-sobre-la-llegada-de-la-reina-de-el-cisne-a-loja","status":"publish","type":"post","link":"https:\/\/www.lodelmomentoloja.com\/?p=27345","title":{"rendered":"Todo lo que debes saber sobre la llegada de la Reina de El Cisne a Loja."},"content":{"rendered":"<p><img loading=\"lazy\" decoding=\"async\" class=\"wp-image-27347 aligncenter\" src=\"http:\/\/www.lodelmomentoloja.com\/wp-content\/uploads\/2025\/08\/NOTICIA-VIDEO-LDM-2-300x169.jpg\" alt=\"\" width=\"648\" height=\"365\" srcset=\"https:\/\/www.lodelmomentoloja.com\/wp-content\/uploads\/2025\/08\/NOTICIA-VIDEO-LDM-2-300x169.jpg 300w, https:\/\/www.lodelmomentoloja.com\/wp-content\/uploads\/2025\/08\/NOTICIA-VIDEO-LDM-2-1024x576.jpg 1024w, https:\/\/www.lodelmomentoloja.com\/wp-content\/uploads\/2025\/08\/NOTICIA-VIDEO-LDM-2-768x432.jpg 768w, https:\/\/www.lodelmomentoloja.com\/wp-content\/uploads\/2025\/08\/NOTICIA-VIDEO-LDM-2-640x360.jpg 640w, https:\/\/www.lodelmomentoloja.com\/wp-content\/uploads\/2025\/08\/NOTICIA-VIDEO-LDM-2-1536x864.jpg 1536w, https:\/\/www.lodelmomentoloja.com\/wp-content\/uploads\/2025\/08\/NOTICIA-VIDEO-LDM-2.jpg 1920w\" sizes=\"(max-width: 648px) 100vw, 648px\" \/><\/p>\n<p>\ud83c\udf86\ud83e\udd73\ud83d\udc49\ud83c\udffb \u00a1Bienvenida Reina de El Cisne! En medio de una multitudinaria manifestaci\u00f3n de fe y devoci\u00f3n este mi\u00e9rcoles 20 de agosto la Sagrada Imagen de la Virgen de El Cisne arrib\u00f3 a la ciudad de Loja, en el siguiente reportaje te contamos los detalles.<\/p>\n<div style=\"width: 640px;\" class=\"wp-video\"><!--[if lt IE 9]><script>document.createElement('video');<\/script><![endif]-->\n<video class=\"wp-video-shortcode\" id=\"video-27345-1\" width=\"640\" height=\"360\" preload=\"metadata\" controls=\"controls\"><source type=\"video\/mp4\" src=\"http:\/\/www.lodelmomentoloja.com\/wp-content\/uploads\/2025\/08\/REINA-DEL-CISNE-LLEGA-A-LOJA-REDUCIDO.mp4?_=1\" \/><a href=\"http:\/\/www.lodelmomentoloja.com\/wp-content\/uploads\/2025\/08\/REINA-DEL-CISNE-LLEGA-A-LOJA-REDUCIDO.mp4\">http:\/\/www.lodelmomentoloja.com\/wp-content\/uploads\/2025\/08\/REINA-DEL-CISNE-LLEGA-A-LOJA-REDUCIDO.mp4<\/a><\/video><\/div>\n<p>Su \u00faltimo recorrido inici\u00f3 a las 06H00, alrededor de las 11H00 lleg\u00f3 a la urna del Villonaco donde se celebr\u00f3 una eucarist\u00eda, luego retom\u00f3 el trayecto y cerca de las 17H00 \u2018La Churonita\u2019 lleg\u00f3 a la Brigada de Infanter\u00eda donde se llev\u00f3 a cabo la misa para luego ser conducida a la Puerta de la Ciudad donde se realiz\u00f3 el cambio de vestimento en tonos rosado y celeste adornado con un collar blanco para ser recibida como Reina de todos los lojanos.<\/p>\n<p>Como parte del recibimiento, el Municipio de Loja se hizo presente en un acto cultural, acompa\u00f1ado de danza folcl\u00f3rica, m\u00fasica y una serenata y, finalmente, continu\u00f3 su camino hasta la iglesia Catedral donde se realiz\u00f3 una misa campal pasadas las 21H00.<\/p>\n<p>Con ello, Loja se prepara para vivir una amplia agenda de actividades religiosas y culturales. Entre ellas, las mismas solemnes que se realizar\u00e1n 10 al d\u00eda divididas en dos jornadas matutinas y vespertinas; en la ma\u00f1ana las misas ser\u00e1n los horarios de 06H00, 07H00, 08H30, 10H00 Y 11H00 y, en la tarde, a partir de las 12H00, 15H00, 16H00, 17H00 y 19H00.<\/p>\n<p>Adem\u00e1s, que en los d\u00edas posteriores se llevar\u00e1 a cabo la quema de castillos y noches del peregrino. Se espera la llegada de los priostes quienes llegan a Loja para rendir homenaje a la Reina de El Cisne.<\/p>\n<p>El retorno de la Virgen a su Santuario est\u00e1 previsto para el 01 de noviembre, fecha en la que miles de feligreses la acompa\u00f1ar\u00e1n en su caminata, reafirmando una tradici\u00f3n que ha convertido a Loja en uno de los rincones de fe m\u00e1s importantes del Ecuador.<\/p>\n<p>\ud83c\udf10\u2705 S\u00edguenos en nuestra p\u00e1gina verificada: https:\/\/www.facebook.com\/lodelmomentolojaEC<\/p>\n<p>www.lodelmomentoloja.com<br \/>\n#LDMnoticias #lodelmomentolojaLDM<\/p>\n","protected":false},"excerpt":{"rendered":"<p>\ud83c\udf86\ud83e\udd73\ud83d\udc49\ud83c\udffb \u00a1Bienvenida Reina de El Cisne! En medio de una multitudinaria manifestaci\u00f3n de fe y&#8230;<\/p>\n","protected":false},"author":1,"featured_media":0,"comment_status":"open","ping_status":"open","sticky":false,"template":"","format":"standard","meta":{"footnotes":""},"categories":[7,1,5],"tags":[],"class_list":["post-27345","post","type-post","status-publish","format-standard","hentry","category-ecuador","category-inicio","category-loja"],"_links":{"self":[{"href":"https:\/\/www.lodelmomentoloja.com\/index.php?rest_route=\/wp\/v2\/posts\/27345"}],"collection":[{"href":"https:\/\/www.lodelmomentoloja.com\/index.php?rest_route=\/wp\/v2\/posts"}],"about":[{"href":"https:\/\/www.lodelmomentoloja.com\/index.php?rest_route=\/wp\/v2\/types\/post"}],"author":[{"embeddable":true,"href":"https:\/\/www.lodelmomentoloja.com\/index.php?rest_route=\/wp\/v2\/users\/1"}],"replies":[{"embeddable":true,"href":"https:\/\/www.lodelmomentoloja.com\/index.php?rest_route=%2Fwp%2Fv2%2Fcomments&post=27345"}],"version-history":[{"count":2,"href":"https:\/\/www.lodelmomentoloja.com\/index.php?rest_route=\/wp\/v2\/posts\/27345\/revisions"}],"predecessor-version":[{"id":27349,"href":"https:\/\/www.lodelmomentoloja.com\/index.php?rest_route=\/wp\/v2\/posts\/27345\/revisions\/27349"}],"wp:attachment":[{"href":"https:\/\/www.lodelmomentoloja.com\/index.php?rest_route=%2Fwp%2Fv2%2Fmedia&parent=27345"}],"wp:term":[{"taxonomy":"category","embeddable":true,"href":"https:\/\/www.lodelmomentoloja.com\/index.php?rest_route=%2Fwp%2Fv2%2Fcategories&post=27345"},{"taxonomy":"post_tag","embeddable":true,"href":"https:\/\/www.lodelmomentoloja.com\/index.php?rest_route=%2Fwp%2Fv2%2Ftags&post=27345"}],"curies":[{"name":"wp","href":"https:\/\/api.w.org\/{rel}","templated":true}]}}