{"id":27339,"date":"2025-08-21T09:33:53","date_gmt":"2025-08-21T09:33:53","guid":{"rendered":"https:\/\/www.lodelmomentoloja.com\/?p=27339"},"modified":"2025-08-21T14:35:57","modified_gmt":"2025-08-21T14:35:57","slug":"coordinador-zonal-7-de-salud-renuncio-al-cargo","status":"publish","type":"post","link":"https:\/\/www.lodelmomentoloja.com\/?p=27339","title":{"rendered":"COORDINADOR ZONAL 7 DE SALUD RENUNCI\u00d3 AL CARGO"},"content":{"rendered":"<p>\ud83d\ude31\ud83c\udfe5\ud83d\udc4b\ud83c\udffb\u00a1Adi\u00f3s al cargo! Este 20 de agosto, el Coordinador de la Zonal 7 de Salud, Manuel Jos\u00e9 Procel Gonz\u00e1lez, renunci\u00f3 al cargo de dicha instituci\u00f3n, esto a pocos d\u00edas de que dos asamble\u00edstas nacionales realizaran visitas de fiscalizaci\u00f3n a hospitales lojanos. Todo esto en medio de cr\u00edticas ciudadanas, tras la mala atenci\u00f3n en la red de la salud p\u00fablica de la zona 7 y el mal estado de la infraestructura de la instituci\u00f3n.<\/p>\n<p>El ahora exfuncionario ocup\u00f3 dicha designaci\u00f3n en dos periodos, la primera desde el a\u00f1o 2017 al 2020 y la segunda del noviembre del 2023 hasta agosto del 2025.<\/p>\n<p>\ud83c\udf10\u2705 S\u00edguenos en nuestra p\u00e1gina verificada: https:\/\/www.facebook.com\/lodelmomentolojaEC<\/p>\n<p>www.lodelmomentoloja.com<br \/>\n<a class=\"x1i10hfl xjbqb8w x1ejq31n x18oe1m7 x1sy0etr xstzfhl x972fbf x10w94by x1qhh985 x14e42zd x9f619 x1ypdohk xt0psk2 x3ct3a4 xdj266r x14z9mp xat24cr x1lziwak xexx8yu xyri2b x18d9i69 x1c1uobl x16tdsg8 x1hl2dhg xggy1nq x1a2a7pz  _aa9_ _a6hd\" tabindex=\"0\" role=\"link\" href=\"https:\/\/www.instagram.com\/explore\/tags\/ldmnoticias\/\">#LDMnoticias<\/a>\u00a0<a class=\"x1i10hfl xjbqb8w x1ejq31n x18oe1m7 x1sy0etr xstzfhl x972fbf x10w94by x1qhh985 x14e42zd x9f619 x1ypdohk xt0psk2 x3ct3a4 xdj266r x14z9mp xat24cr x1lziwak xexx8yu xyri2b x18d9i69 x1c1uobl x16tdsg8 x1hl2dhg xggy1nq x1a2a7pz  _aa9_ _a6hd\" tabindex=\"0\" role=\"link\" href=\"https:\/\/www.instagram.com\/explore\/tags\/lodelmomentolojaldm\/\">#lodelmomentolojaLDM<\/a><\/p>\n","protected":false},"excerpt":{"rendered":"<p>\ud83d\ude31\ud83c\udfe5\ud83d\udc4b\ud83c\udffb\u00a1Adi\u00f3s al cargo! Este 20 de agosto, el Coordinador de la Zonal 7 de Salud,&#8230;<\/p>\n","protected":false},"author":1,"featured_media":27340,"comment_status":"open","ping_status":"open","sticky":false,"template":"","format":"standard","meta":{"footnotes":""},"categories":[7,1,5,6],"tags":[],"class_list":["post-27339","post","type-post","status-publish","format-standard","has-post-thumbnail","hentry","category-ecuador","category-inicio","category-loja","category-zamora"],"_links":{"self":[{"href":"https:\/\/www.lodelmomentoloja.com\/index.php?rest_route=\/wp\/v2\/posts\/27339"}],"collection":[{"href":"https:\/\/www.lodelmomentoloja.com\/index.php?rest_route=\/wp\/v2\/posts"}],"about":[{"href":"https:\/\/www.lodelmomentoloja.com\/index.php?rest_route=\/wp\/v2\/types\/post"}],"author":[{"embeddable":true,"href":"https:\/\/www.lodelmomentoloja.com\/index.php?rest_route=\/wp\/v2\/users\/1"}],"replies":[{"embeddable":true,"href":"https:\/\/www.lodelmomentoloja.com\/index.php?rest_route=%2Fwp%2Fv2%2Fcomments&post=27339"}],"version-history":[{"count":1,"href":"https:\/\/www.lodelmomentoloja.com\/index.php?rest_route=\/wp\/v2\/posts\/27339\/revisions"}],"predecessor-version":[{"id":27341,"href":"https:\/\/www.lodelmomentoloja.com\/index.php?rest_route=\/wp\/v2\/posts\/27339\/revisions\/27341"}],"wp:featuredmedia":[{"embeddable":true,"href":"https:\/\/www.lodelmomentoloja.com\/index.php?rest_route=\/wp\/v2\/media\/27340"}],"wp:attachment":[{"href":"https:\/\/www.lodelmomentoloja.com\/index.php?rest_route=%2Fwp%2Fv2%2Fmedia&parent=27339"}],"wp:term":[{"taxonomy":"category","embeddable":true,"href":"https:\/\/www.lodelmomentoloja.com\/index.php?rest_route=%2Fwp%2Fv2%2Fcategories&post=27339"},{"taxonomy":"post_tag","embeddable":true,"href":"https:\/\/www.lodelmomentoloja.com\/index.php?rest_route=%2Fwp%2Fv2%2Ftags&post=27339"}],"curies":[{"name":"wp","href":"https:\/\/api.w.org\/{rel}","templated":true}]}}