{"id":2733,"date":"2021-02-26T09:30:03","date_gmt":"2021-02-26T09:30:03","guid":{"rendered":"http:\/\/www.lodelmomentoloja.com\/?p=2733"},"modified":"2021-02-26T14:45:51","modified_gmt":"2021-02-26T14:45:51","slug":"marcha-en-favor-del-alcalde-de-loja","status":"publish","type":"post","link":"https:\/\/www.lodelmomentoloja.com\/?p=2733","title":{"rendered":"Marcha en favor del alcalde de Loja"},"content":{"rendered":"<p>#Loja | Preparan marcha en favor del Alcalde de Loja<\/p>\n<p>El colectivo Loja para todos, se reuni\u00f3 para planificar la marcha en respaldo a la administraci\u00f3n del Alcalde de Loja, Jorge Bail\u00f3n Abad.<\/p>\n<p>El colectivo que se form\u00f3 para llevar a la alcald\u00eda a Jorge Bail\u00f3n, se vuelve activar, esta vez, para evitar una presunta destituci\u00f3n de su cargo. La comisi\u00f3n de mesa se podr\u00eda activar dentro del cabildo municipal, iniciativa impulsada por los concejales del cant\u00f3n Loja, por presuntas responsabilidades en base al informe de Contralor\u00eda, las cuales recaer\u00eda en la autoridad municipal y sus colaboradores m\u00e1s cercanos.<\/p>\n<p>La marcha de respaldo a\u00fan no tiene fecha definitiva por el momento electoral que vive el pa\u00eds. El pasado 17 de febrero del presente, Jorge Bail\u00f3n, Alcalde de Loja, advirti\u00f3 que la marcha de respaldo ser\u00e1 masiva y reto a los concejales a organizar una marcha similar para que la ciudadan\u00eda sepa quien tiene m\u00e1s respaldo ciudadano.<\/p>\n<p>Fuente: Jos\u00e9 Daniel Rengel.<\/p>\n<p>www.lodelmomentoloja.com<br \/>\n#LDMnoticias #lodelmomentolojaLDM<\/p>\n","protected":false},"excerpt":{"rendered":"<p>#Loja | Preparan marcha en favor del Alcalde de Loja El colectivo Loja para todos,&#8230;<\/p>\n","protected":false},"author":1,"featured_media":2734,"comment_status":"open","ping_status":"open","sticky":false,"template":"","format":"standard","meta":{"footnotes":""},"categories":[1],"tags":[],"class_list":["post-2733","post","type-post","status-publish","format-standard","has-post-thumbnail","hentry","category-inicio"],"_links":{"self":[{"href":"https:\/\/www.lodelmomentoloja.com\/index.php?rest_route=\/wp\/v2\/posts\/2733"}],"collection":[{"href":"https:\/\/www.lodelmomentoloja.com\/index.php?rest_route=\/wp\/v2\/posts"}],"about":[{"href":"https:\/\/www.lodelmomentoloja.com\/index.php?rest_route=\/wp\/v2\/types\/post"}],"author":[{"embeddable":true,"href":"https:\/\/www.lodelmomentoloja.com\/index.php?rest_route=\/wp\/v2\/users\/1"}],"replies":[{"embeddable":true,"href":"https:\/\/www.lodelmomentoloja.com\/index.php?rest_route=%2Fwp%2Fv2%2Fcomments&post=2733"}],"version-history":[{"count":1,"href":"https:\/\/www.lodelmomentoloja.com\/index.php?rest_route=\/wp\/v2\/posts\/2733\/revisions"}],"predecessor-version":[{"id":2735,"href":"https:\/\/www.lodelmomentoloja.com\/index.php?rest_route=\/wp\/v2\/posts\/2733\/revisions\/2735"}],"wp:featuredmedia":[{"embeddable":true,"href":"https:\/\/www.lodelmomentoloja.com\/index.php?rest_route=\/wp\/v2\/media\/2734"}],"wp:attachment":[{"href":"https:\/\/www.lodelmomentoloja.com\/index.php?rest_route=%2Fwp%2Fv2%2Fmedia&parent=2733"}],"wp:term":[{"taxonomy":"category","embeddable":true,"href":"https:\/\/www.lodelmomentoloja.com\/index.php?rest_route=%2Fwp%2Fv2%2Fcategories&post=2733"},{"taxonomy":"post_tag","embeddable":true,"href":"https:\/\/www.lodelmomentoloja.com\/index.php?rest_route=%2Fwp%2Fv2%2Ftags&post=2733"}],"curies":[{"name":"wp","href":"https:\/\/api.w.org\/{rel}","templated":true}]}}