{"id":27324,"date":"2025-08-18T15:27:58","date_gmt":"2025-08-18T15:27:58","guid":{"rendered":"https:\/\/www.lodelmomentoloja.com\/?p=27324"},"modified":"2025-08-18T20:30:08","modified_gmt":"2025-08-18T20:30:08","slug":"diocesis-de-santa-elena-separa-del-cargo-a-sacerdote-involucrado-en-presunto-caso-de-4bvs0-s3xv4l","status":"publish","type":"post","link":"https:\/\/www.lodelmomentoloja.com\/?p=27324","title":{"rendered":"DI\u00d3CESIS DE SANTA ELENA SEPARA DEL CARGO A SACERDOTE INVOLUCRADO EN PRESUNTO CASO DE 4BVS0 S3XV4L"},"content":{"rendered":"<p>\ud83d\ude31\u26ea\u26a0\ufe0f\u00a1Fuera del cargo! Mediante un comunicado la Di\u00f3cesis de Santa Elena anunci\u00f3 la separaci\u00f3n inmediata del sacerdote de la parroquia de Ol\u00f3n, tras encontrarse siendo investigado por la Fiscal\u00eda de Ecuador al estar presuntamente involucrado en un caso de 4bvs0 s3xv4l, luego de haber sido encontrado con varios adolescentes en el interior de una vivienda. Esto mientras duren las investigaciones civiles y can\u00f3nicas, activando todos los protocolos que la Iglesia ha establecido para garantizar el cuidado y protecci\u00f3n de las posibles v\u00edctimas.<\/p>\n<p>La di\u00f3cesis afirm\u00f3 que la medida ratifica la posici\u00f3n de la Iglesia cat\u00f3lica de \u00abcero tolerancia e impunidad ante cualquier acto inmoral que pueda producirse\u00bb.<\/p>\n<p>\ud83c\udf10\u2705 S\u00edguenos en nuestra p\u00e1gina verificada: https:\/\/www.facebook.com\/lodelmomentolojaEC<\/p>\n<p>www.lodelmomentoloja.com<br \/>\n<a class=\"x1i10hfl xjbqb8w x1ejq31n x18oe1m7 x1sy0etr xstzfhl x972fbf x10w94by x1qhh985 x14e42zd x9f619 x1ypdohk xt0psk2 x3ct3a4 xdj266r x14z9mp xat24cr x1lziwak xexx8yu xyri2b x18d9i69 x1c1uobl x16tdsg8 x1hl2dhg xggy1nq x1a2a7pz  _aa9_ _a6hd\" tabindex=\"0\" role=\"link\" href=\"https:\/\/www.instagram.com\/explore\/tags\/ldmnoticias\/\">#LDMnoticias<\/a>\u00a0<a class=\"x1i10hfl xjbqb8w x1ejq31n x18oe1m7 x1sy0etr xstzfhl x972fbf x10w94by x1qhh985 x14e42zd x9f619 x1ypdohk xt0psk2 x3ct3a4 xdj266r x14z9mp xat24cr x1lziwak xexx8yu xyri2b x18d9i69 x1c1uobl x16tdsg8 x1hl2dhg xggy1nq x1a2a7pz  _aa9_ _a6hd\" tabindex=\"0\" role=\"link\" href=\"https:\/\/www.instagram.com\/explore\/tags\/lodelmomentolojaldm\/\">#lodelmomentolojaLDM<\/a><\/p>\n","protected":false},"excerpt":{"rendered":"<p>\ud83d\ude31\u26ea\u26a0\ufe0f\u00a1Fuera del cargo! Mediante un comunicado la Di\u00f3cesis de Santa Elena anunci\u00f3 la separaci\u00f3n inmediata&#8230;<\/p>\n","protected":false},"author":1,"featured_media":27325,"comment_status":"open","ping_status":"open","sticky":false,"template":"","format":"standard","meta":{"footnotes":""},"categories":[7,1,5],"tags":[],"class_list":["post-27324","post","type-post","status-publish","format-standard","has-post-thumbnail","hentry","category-ecuador","category-inicio","category-loja"],"_links":{"self":[{"href":"https:\/\/www.lodelmomentoloja.com\/index.php?rest_route=\/wp\/v2\/posts\/27324"}],"collection":[{"href":"https:\/\/www.lodelmomentoloja.com\/index.php?rest_route=\/wp\/v2\/posts"}],"about":[{"href":"https:\/\/www.lodelmomentoloja.com\/index.php?rest_route=\/wp\/v2\/types\/post"}],"author":[{"embeddable":true,"href":"https:\/\/www.lodelmomentoloja.com\/index.php?rest_route=\/wp\/v2\/users\/1"}],"replies":[{"embeddable":true,"href":"https:\/\/www.lodelmomentoloja.com\/index.php?rest_route=%2Fwp%2Fv2%2Fcomments&post=27324"}],"version-history":[{"count":1,"href":"https:\/\/www.lodelmomentoloja.com\/index.php?rest_route=\/wp\/v2\/posts\/27324\/revisions"}],"predecessor-version":[{"id":27326,"href":"https:\/\/www.lodelmomentoloja.com\/index.php?rest_route=\/wp\/v2\/posts\/27324\/revisions\/27326"}],"wp:featuredmedia":[{"embeddable":true,"href":"https:\/\/www.lodelmomentoloja.com\/index.php?rest_route=\/wp\/v2\/media\/27325"}],"wp:attachment":[{"href":"https:\/\/www.lodelmomentoloja.com\/index.php?rest_route=%2Fwp%2Fv2%2Fmedia&parent=27324"}],"wp:term":[{"taxonomy":"category","embeddable":true,"href":"https:\/\/www.lodelmomentoloja.com\/index.php?rest_route=%2Fwp%2Fv2%2Fcategories&post=27324"},{"taxonomy":"post_tag","embeddable":true,"href":"https:\/\/www.lodelmomentoloja.com\/index.php?rest_route=%2Fwp%2Fv2%2Ftags&post=27324"}],"curies":[{"name":"wp","href":"https:\/\/api.w.org\/{rel}","templated":true}]}}