{"id":27307,"date":"2025-08-18T09:24:57","date_gmt":"2025-08-18T09:24:57","guid":{"rendered":"https:\/\/www.lodelmomentoloja.com\/?p=27307"},"modified":"2025-08-18T14:26:28","modified_gmt":"2025-08-18T14:26:28","slug":"perfecto-mario-m4nc1n0-se-ira-por-segunda-vez","status":"publish","type":"post","link":"https:\/\/www.lodelmomentoloja.com\/?p=27307","title":{"rendered":"Perfecto Mario M4nc1n0 se ir\u00e1 por segunda vez"},"content":{"rendered":"<p>\ud83e\udda5\ud83d\ude2c\ud83d\udc4b\ud83c\udffb \u00a1Debe estar cansado! Mediante C\u00e1mara Provincial, el Prefecto de Loja ha solicitado por segunda vez en el 2025 una pausa en sus labores para irse de vacaciones, la primera vez se fue del 19 al 28 de febrero en una temporada invernal bastante delicada para las zonas rurales, esta segunda, la hace del 18 y 21 de agosto 2025 en plena peregrinaci\u00f3n de la Virgen de El Cisne, y en su reemplazo quedar\u00eda como Prefecta Encargada, la Abg. Mar\u00eda Jos\u00e9 Sotomayor, pese a que este \u00faltimo encargo ha pasado casi desapercibido.<\/p>\n<p>&nbsp;<\/p>\n<p><img loading=\"lazy\" decoding=\"async\" class=\"alignnone size-medium wp-image-27304\" src=\"http:\/\/www.lodelmomentoloja.com\/wp-content\/uploads\/2025\/08\/IMG-20250818-WA0003-213x300.jpg\" alt=\"\" width=\"213\" height=\"300\" srcset=\"https:\/\/www.lodelmomentoloja.com\/wp-content\/uploads\/2025\/08\/IMG-20250818-WA0003-213x300.jpg 213w, https:\/\/www.lodelmomentoloja.com\/wp-content\/uploads\/2025\/08\/IMG-20250818-WA0003-727x1024.jpg 727w, https:\/\/www.lodelmomentoloja.com\/wp-content\/uploads\/2025\/08\/IMG-20250818-WA0003-768x1082.jpg 768w, https:\/\/www.lodelmomentoloja.com\/wp-content\/uploads\/2025\/08\/IMG-20250818-WA0003-640x901.jpg 640w, https:\/\/www.lodelmomentoloja.com\/wp-content\/uploads\/2025\/08\/IMG-20250818-WA0003-1024x1442.jpg 1024w, https:\/\/www.lodelmomentoloja.com\/wp-content\/uploads\/2025\/08\/IMG-20250818-WA0003.jpg 1080w\" sizes=\"(max-width: 213px) 100vw, 213px\" \/><\/p>\n<p>Durante sus dos a\u00f1os y un poco m\u00e1s, el Prefecto M4nc1n0, acumula cuatro pedidos de vacaciones, ajustando 38 d\u00edas sin estar frente a la instituci\u00f3n, pese al considerable salario de m\u00e1s de USD 5.060,00 mensuales que percibe.<\/p>\n<p>\ud83c\udf10\u2705 S\u00edguenos en nuestra p\u00e1gina verificada: https:\/\/www.facebook.com\/lodelmomentolojaEC<\/p>\n<p>www.lodelmomentoloja.com<br \/>\n#LDMnoticias #lodelmomentolojaLDM<\/p>\n","protected":false},"excerpt":{"rendered":"<p>\ud83e\udda5\ud83d\ude2c\ud83d\udc4b\ud83c\udffb \u00a1Debe estar cansado! Mediante C\u00e1mara Provincial, el Prefecto de Loja ha solicitado por segunda&#8230;<\/p>\n","protected":false},"author":1,"featured_media":27308,"comment_status":"open","ping_status":"open","sticky":false,"template":"","format":"standard","meta":{"footnotes":""},"categories":[7,1,4,5],"tags":[],"class_list":["post-27307","post","type-post","status-publish","format-standard","has-post-thumbnail","hentry","category-ecuador","category-inicio","category-internacional","category-loja"],"_links":{"self":[{"href":"https:\/\/www.lodelmomentoloja.com\/index.php?rest_route=\/wp\/v2\/posts\/27307"}],"collection":[{"href":"https:\/\/www.lodelmomentoloja.com\/index.php?rest_route=\/wp\/v2\/posts"}],"about":[{"href":"https:\/\/www.lodelmomentoloja.com\/index.php?rest_route=\/wp\/v2\/types\/post"}],"author":[{"embeddable":true,"href":"https:\/\/www.lodelmomentoloja.com\/index.php?rest_route=\/wp\/v2\/users\/1"}],"replies":[{"embeddable":true,"href":"https:\/\/www.lodelmomentoloja.com\/index.php?rest_route=%2Fwp%2Fv2%2Fcomments&post=27307"}],"version-history":[{"count":1,"href":"https:\/\/www.lodelmomentoloja.com\/index.php?rest_route=\/wp\/v2\/posts\/27307\/revisions"}],"predecessor-version":[{"id":27309,"href":"https:\/\/www.lodelmomentoloja.com\/index.php?rest_route=\/wp\/v2\/posts\/27307\/revisions\/27309"}],"wp:featuredmedia":[{"embeddable":true,"href":"https:\/\/www.lodelmomentoloja.com\/index.php?rest_route=\/wp\/v2\/media\/27308"}],"wp:attachment":[{"href":"https:\/\/www.lodelmomentoloja.com\/index.php?rest_route=%2Fwp%2Fv2%2Fmedia&parent=27307"}],"wp:term":[{"taxonomy":"category","embeddable":true,"href":"https:\/\/www.lodelmomentoloja.com\/index.php?rest_route=%2Fwp%2Fv2%2Fcategories&post=27307"},{"taxonomy":"post_tag","embeddable":true,"href":"https:\/\/www.lodelmomentoloja.com\/index.php?rest_route=%2Fwp%2Fv2%2Ftags&post=27307"}],"curies":[{"name":"wp","href":"https:\/\/api.w.org\/{rel}","templated":true}]}}