{"id":2730,"date":"2021-02-26T07:00:31","date_gmt":"2021-02-26T07:00:31","guid":{"rendered":"http:\/\/www.lodelmomentoloja.com\/?p=2730"},"modified":"2021-02-26T12:39:01","modified_gmt":"2021-02-26T12:39:01","slug":"periodista-logra-vacunare-contra-el-covid-19","status":"publish","type":"post","link":"https:\/\/www.lodelmomentoloja.com\/?p=2730","title":{"rendered":"PERIODISTA LOGRA VACUNARE CONTRA EL COVID-19"},"content":{"rendered":"<div class=\"kvgmc6g5 cxmmr5t8 oygrvhab hcukyx3x c1et5uql ii04i59q\">\n<div dir=\"auto\"><a class=\"oajrlxb2 g5ia77u1 qu0x051f esr5mh6w e9989ue4 r7d6kgcz rq0escxv nhd2j8a9 nc684nl6 p7hjln8o kvgmc6g5 cxmmr5t8 oygrvhab hcukyx3x jb3vyjys rz4wbd8a qt6c0cv9 a8nywdso i1ao9s8h esuyzwwr f1sip0of lzcic4wl q66pz984 gpro0wi8 b1v8xokw\" tabindex=\"0\" role=\"link\" href=\"https:\/\/www.facebook.com\/hashtag\/ecuador?__eep__=6&amp;__cft__[0]=AZXku0JJMZ9Vew2aAULfw_3dj1OsEc_W3HEC-pm9tkJfBWt0b16txerZEBwzw_iG4WLVZQGbi-sJDHE7sQiqmaQhrVH5XD0kol76KHFoPIkORvYH6KfFt67AZXAb7rKCIk4aMdHmnYsKejbNZM4DAc1URGTM0oPj2rjxcBqpAhrhrQ&amp;__tn__=*NK-R\">#Ecuador<\/a> | Periodista entre los beneficiados de la vacuna.<\/div>\n<div dir=\"auto\"><\/div>\n<\/div>\n<div class=\"o9v6fnle cxmmr5t8 oygrvhab hcukyx3x c1et5uql ii04i59q\">\n<div dir=\"auto\">La noche de ayer, el mismo periodista tuvo que aceptar que su nombre fue parte de la lista de personas que se beneficiaron de la vacuna contra el COVID-19; ante ello, lanz\u00f3 un comunicado en las diferentes redes sociales y dijo:<\/div>\n<div dir=\"auto\"><\/div>\n<\/div>\n<div class=\"o9v6fnle cxmmr5t8 oygrvhab hcukyx3x c1et5uql ii04i59q\">\n<div dir=\"auto\">&#8220;La verdad por delante: soy un hombre de 83 a\u00f1os y padezco de diabetes. Esta ma\u00f1ana me he vacunado contra el Covid-19 como parte de un grupo de personas de la tercera edad en condici\u00f3n vulnerable, atendiendo a un requerimiento que se me formul\u00f3 el mi\u00e9rcoles 24 de febrero del a\u00f1o en curso. En el Centro de Salud de Chimbacalle al que acud\u00ed hoy, no observ\u00e9 ning\u00fan operativo de tipo especial.<\/div>\n<div dir=\"auto\"><\/div>\n<\/div>\n<div class=\"o9v6fnle cxmmr5t8 oygrvhab hcukyx3x c1et5uql ii04i59q\">\n<div dir=\"auto\">Por lo dem\u00e1s, mi \u00fanico y gran objetivo es seguir sirviendo al pa\u00eds desde mi condici\u00f3n de periodista, como lo he hecho lealmente a lo largo de los \u00faltimos 60 a\u00f1os.&#8221; argument\u00f3 Diego Oquendo, justificando su decisi\u00f3n.<\/div>\n<\/div>\n<div dir=\"auto\"><\/div>\n<div dir=\"auto\">#LDMnoticias #lodelmomentolojaLDM<\/div>\n","protected":false},"excerpt":{"rendered":"<p>#Ecuador | Periodista entre los beneficiados de la vacuna. La noche de ayer, el mismo&#8230;<\/p>\n","protected":false},"author":1,"featured_media":2731,"comment_status":"open","ping_status":"open","sticky":false,"template":"","format":"standard","meta":{"footnotes":""},"categories":[7,1],"tags":[],"class_list":["post-2730","post","type-post","status-publish","format-standard","has-post-thumbnail","hentry","category-ecuador","category-inicio"],"_links":{"self":[{"href":"https:\/\/www.lodelmomentoloja.com\/index.php?rest_route=\/wp\/v2\/posts\/2730"}],"collection":[{"href":"https:\/\/www.lodelmomentoloja.com\/index.php?rest_route=\/wp\/v2\/posts"}],"about":[{"href":"https:\/\/www.lodelmomentoloja.com\/index.php?rest_route=\/wp\/v2\/types\/post"}],"author":[{"embeddable":true,"href":"https:\/\/www.lodelmomentoloja.com\/index.php?rest_route=\/wp\/v2\/users\/1"}],"replies":[{"embeddable":true,"href":"https:\/\/www.lodelmomentoloja.com\/index.php?rest_route=%2Fwp%2Fv2%2Fcomments&post=2730"}],"version-history":[{"count":1,"href":"https:\/\/www.lodelmomentoloja.com\/index.php?rest_route=\/wp\/v2\/posts\/2730\/revisions"}],"predecessor-version":[{"id":2732,"href":"https:\/\/www.lodelmomentoloja.com\/index.php?rest_route=\/wp\/v2\/posts\/2730\/revisions\/2732"}],"wp:featuredmedia":[{"embeddable":true,"href":"https:\/\/www.lodelmomentoloja.com\/index.php?rest_route=\/wp\/v2\/media\/2731"}],"wp:attachment":[{"href":"https:\/\/www.lodelmomentoloja.com\/index.php?rest_route=%2Fwp%2Fv2%2Fmedia&parent=2730"}],"wp:term":[{"taxonomy":"category","embeddable":true,"href":"https:\/\/www.lodelmomentoloja.com\/index.php?rest_route=%2Fwp%2Fv2%2Fcategories&post=2730"},{"taxonomy":"post_tag","embeddable":true,"href":"https:\/\/www.lodelmomentoloja.com\/index.php?rest_route=%2Fwp%2Fv2%2Ftags&post=2730"}],"curies":[{"name":"wp","href":"https:\/\/api.w.org\/{rel}","templated":true}]}}