{"id":27281,"date":"2025-08-14T13:04:14","date_gmt":"2025-08-14T13:04:14","guid":{"rendered":"https:\/\/www.lodelmomentoloja.com\/?p=27281"},"modified":"2025-08-14T20:05:47","modified_gmt":"2025-08-14T20:05:47","slug":"marchista-lojano-competira-en-los-juegos-panamericanos-junior-2025","status":"publish","type":"post","link":"https:\/\/www.lodelmomentoloja.com\/?p=27281","title":{"rendered":"MARCHISTA LOJANO COMPETIR\u00c0 EN LOS JUEGOS PANAMERICANOS JUNIOR 2025"},"content":{"rendered":"<p>\ud83c\uddea\ud83c\udde8\ud83c\udfc3\u200d\u2642\ufe0f\ud83c\uddf5\ud83c\uddfe\u00a1Rumbo a Panam\u00e1! El marchista Lojano Jhon Chamba, representar\u00e1 al pa\u00eds en los Juegos Panamericanos Junior, en la prueba de 20 km marcha, el pr\u00f3ximo 18 de agosto en Asunci\u00f3n. Cabe destacar que un total de 113 deportistas ecuatorianos competir\u00e1n en 21 disciplinas en los Juegos Panamericanos Junior, un evento continental para atletas menores de 23 a\u00f1os.<\/p>\n<p>Con disciplina, esfuerzo y pasi\u00f3n, Jhon ha entrenado para dejarlo todo en la pista y demostrar que el trabajo duro siempre lleva lejos. \u00a1T\u00fa puedes campe\u00f3n!<\/p>\n<p>\ud83c\udf10\u2705 S\u00edguenos en nuestra p\u00e1gina verificada: https:\/\/www.facebook.com\/lodelmomentolojaEC<\/p>\n<p>www.lodelmomentoloja.com<br \/>\n<a class=\"x1i10hfl xjbqb8w x1ejq31n x18oe1m7 x1sy0etr xstzfhl x972fbf x10w94by x1qhh985 x14e42zd x9f619 x1ypdohk xt0psk2 x3ct3a4 xdj266r x14z9mp xat24cr x1lziwak xexx8yu xyri2b x18d9i69 x1c1uobl x16tdsg8 x1hl2dhg xggy1nq x1a2a7pz  _aa9_ _a6hd\" tabindex=\"0\" role=\"link\" href=\"https:\/\/www.instagram.com\/explore\/tags\/ldmnoticias\/\">#LDMnoticias<\/a>\u00a0<a class=\"x1i10hfl xjbqb8w x1ejq31n x18oe1m7 x1sy0etr xstzfhl x972fbf x10w94by x1qhh985 x14e42zd x9f619 x1ypdohk xt0psk2 x3ct3a4 xdj266r x14z9mp xat24cr x1lziwak xexx8yu xyri2b x18d9i69 x1c1uobl x16tdsg8 x1hl2dhg xggy1nq x1a2a7pz  _aa9_ _a6hd\" tabindex=\"0\" role=\"link\" href=\"https:\/\/www.instagram.com\/explore\/tags\/lodelmomentolojaldm\/\">#lodelmomentolojaLDM<\/a><\/p>\n","protected":false},"excerpt":{"rendered":"<p>\ud83c\uddea\ud83c\udde8\ud83c\udfc3\u200d\u2642\ufe0f\ud83c\uddf5\ud83c\uddfe\u00a1Rumbo a Panam\u00e1! El marchista Lojano Jhon Chamba, representar\u00e1 al pa\u00eds en los Juegos Panamericanos&#8230;<\/p>\n","protected":false},"author":1,"featured_media":27282,"comment_status":"open","ping_status":"open","sticky":false,"template":"","format":"standard","meta":{"footnotes":""},"categories":[7,1,4,5],"tags":[],"class_list":["post-27281","post","type-post","status-publish","format-standard","has-post-thumbnail","hentry","category-ecuador","category-inicio","category-internacional","category-loja"],"_links":{"self":[{"href":"https:\/\/www.lodelmomentoloja.com\/index.php?rest_route=\/wp\/v2\/posts\/27281"}],"collection":[{"href":"https:\/\/www.lodelmomentoloja.com\/index.php?rest_route=\/wp\/v2\/posts"}],"about":[{"href":"https:\/\/www.lodelmomentoloja.com\/index.php?rest_route=\/wp\/v2\/types\/post"}],"author":[{"embeddable":true,"href":"https:\/\/www.lodelmomentoloja.com\/index.php?rest_route=\/wp\/v2\/users\/1"}],"replies":[{"embeddable":true,"href":"https:\/\/www.lodelmomentoloja.com\/index.php?rest_route=%2Fwp%2Fv2%2Fcomments&post=27281"}],"version-history":[{"count":1,"href":"https:\/\/www.lodelmomentoloja.com\/index.php?rest_route=\/wp\/v2\/posts\/27281\/revisions"}],"predecessor-version":[{"id":27283,"href":"https:\/\/www.lodelmomentoloja.com\/index.php?rest_route=\/wp\/v2\/posts\/27281\/revisions\/27283"}],"wp:featuredmedia":[{"embeddable":true,"href":"https:\/\/www.lodelmomentoloja.com\/index.php?rest_route=\/wp\/v2\/media\/27282"}],"wp:attachment":[{"href":"https:\/\/www.lodelmomentoloja.com\/index.php?rest_route=%2Fwp%2Fv2%2Fmedia&parent=27281"}],"wp:term":[{"taxonomy":"category","embeddable":true,"href":"https:\/\/www.lodelmomentoloja.com\/index.php?rest_route=%2Fwp%2Fv2%2Fcategories&post=27281"},{"taxonomy":"post_tag","embeddable":true,"href":"https:\/\/www.lodelmomentoloja.com\/index.php?rest_route=%2Fwp%2Fv2%2Ftags&post=27281"}],"curies":[{"name":"wp","href":"https:\/\/api.w.org\/{rel}","templated":true}]}}