{"id":27268,"date":"2025-08-14T09:08:41","date_gmt":"2025-08-14T09:08:41","guid":{"rendered":"https:\/\/www.lodelmomentoloja.com\/?p=27268"},"modified":"2025-08-14T15:10:40","modified_gmt":"2025-08-14T15:10:40","slug":"ministerio-de-trabajo-desvincula-a-102-funcionarios-publicos","status":"publish","type":"post","link":"https:\/\/www.lodelmomentoloja.com\/?p=27268","title":{"rendered":"MINISTERIO DE TRABAJO DESVINCULA A 102 FUNCIONARIOS P\u00daBLICOS"},"content":{"rendered":"<p>\ud83d\ude31\ud83c\udfe2\ud83d\udc4b\ud83c\udffb\u00a1M\u00e1s despidos! El Ministerio del Trabajo desvincul\u00f3 a 102 funcionarios y pag\u00f3 un total de $240.000 en indemnizaciones, inform\u00f3 la ministra Ivonne N\u00fa\u00f1ez durante un evento de la C\u00e1mara de la Construcci\u00f3n en Guayaquil. La titular indic\u00f3 que en su cartera ya no se prev\u00e9n m\u00e1s despidos.<\/p>\n<p>Estas desvinculaciones se suman a las 2.295 separaciones registradas en cinco entidades p\u00fablicas en las dos semanas previas, alcanzando un total de 2.397 servidores p\u00fablicos que han salido de sus puestos en el marco del plan de reducci\u00f3n de 5.000 funcionarios anunciado por el Gobierno.<\/p>\n<p>\ud83c\udf10\u2705 S\u00edguenos en nuestra p\u00e1gina verificada: https:\/\/www.facebook.com\/lodelmomentolojaEC<\/p>\n<p>www.lodelmomentoloja.com<br \/>\n<a class=\"x1i10hfl xjbqb8w x1ejq31n x18oe1m7 x1sy0etr xstzfhl x972fbf x10w94by x1qhh985 x14e42zd x9f619 x1ypdohk xt0psk2 x3ct3a4 xdj266r x14z9mp xat24cr x1lziwak xexx8yu xyri2b x18d9i69 x1c1uobl x16tdsg8 x1hl2dhg xggy1nq x1a2a7pz  _aa9_ _a6hd\" tabindex=\"0\" role=\"link\" href=\"https:\/\/www.instagram.com\/explore\/tags\/ldmnoticias\/\">#LDMnoticias<\/a>\u00a0<a class=\"x1i10hfl xjbqb8w x1ejq31n x18oe1m7 x1sy0etr xstzfhl x972fbf x10w94by x1qhh985 x14e42zd x9f619 x1ypdohk xt0psk2 x3ct3a4 xdj266r x14z9mp xat24cr x1lziwak xexx8yu xyri2b x18d9i69 x1c1uobl x16tdsg8 x1hl2dhg xggy1nq x1a2a7pz  _aa9_ _a6hd\" tabindex=\"0\" role=\"link\" href=\"https:\/\/www.instagram.com\/explore\/tags\/lodelmomentolojaldm\/\">#lodelmomentolojaLDM<\/a><\/p>\n","protected":false},"excerpt":{"rendered":"<p>\ud83d\ude31\ud83c\udfe2\ud83d\udc4b\ud83c\udffb\u00a1M\u00e1s despidos! El Ministerio del Trabajo desvincul\u00f3 a 102 funcionarios y pag\u00f3 un total de&#8230;<\/p>\n","protected":false},"author":1,"featured_media":27269,"comment_status":"open","ping_status":"open","sticky":false,"template":"","format":"standard","meta":{"footnotes":""},"categories":[7,1],"tags":[],"class_list":["post-27268","post","type-post","status-publish","format-standard","has-post-thumbnail","hentry","category-ecuador","category-inicio"],"_links":{"self":[{"href":"https:\/\/www.lodelmomentoloja.com\/index.php?rest_route=\/wp\/v2\/posts\/27268"}],"collection":[{"href":"https:\/\/www.lodelmomentoloja.com\/index.php?rest_route=\/wp\/v2\/posts"}],"about":[{"href":"https:\/\/www.lodelmomentoloja.com\/index.php?rest_route=\/wp\/v2\/types\/post"}],"author":[{"embeddable":true,"href":"https:\/\/www.lodelmomentoloja.com\/index.php?rest_route=\/wp\/v2\/users\/1"}],"replies":[{"embeddable":true,"href":"https:\/\/www.lodelmomentoloja.com\/index.php?rest_route=%2Fwp%2Fv2%2Fcomments&post=27268"}],"version-history":[{"count":1,"href":"https:\/\/www.lodelmomentoloja.com\/index.php?rest_route=\/wp\/v2\/posts\/27268\/revisions"}],"predecessor-version":[{"id":27270,"href":"https:\/\/www.lodelmomentoloja.com\/index.php?rest_route=\/wp\/v2\/posts\/27268\/revisions\/27270"}],"wp:featuredmedia":[{"embeddable":true,"href":"https:\/\/www.lodelmomentoloja.com\/index.php?rest_route=\/wp\/v2\/media\/27269"}],"wp:attachment":[{"href":"https:\/\/www.lodelmomentoloja.com\/index.php?rest_route=%2Fwp%2Fv2%2Fmedia&parent=27268"}],"wp:term":[{"taxonomy":"category","embeddable":true,"href":"https:\/\/www.lodelmomentoloja.com\/index.php?rest_route=%2Fwp%2Fv2%2Fcategories&post=27268"},{"taxonomy":"post_tag","embeddable":true,"href":"https:\/\/www.lodelmomentoloja.com\/index.php?rest_route=%2Fwp%2Fv2%2Ftags&post=27268"}],"curies":[{"name":"wp","href":"https:\/\/api.w.org\/{rel}","templated":true}]}}