{"id":27253,"date":"2025-08-12T12:09:03","date_gmt":"2025-08-12T12:09:03","guid":{"rendered":"https:\/\/www.lodelmomentoloja.com\/?p=27253"},"modified":"2025-08-12T19:10:00","modified_gmt":"2025-08-12T19:10:00","slug":"debate-oficial-entre-candidatos-al-directorio-de-la-cce-nucleo-de-loja","status":"publish","type":"post","link":"https:\/\/www.lodelmomentoloja.com\/?p=27253","title":{"rendered":"DEBATE OFICIAL ENTRE CANDIDATOS AL DIRECTORIO DE LA CCE &#8211; N\u00daCLEO DE LOJA"},"content":{"rendered":"<p>\ud83d\udcc5\ud83d\udde3\ufe0f\ud83e\udd1d \u00a1Es hoy, es hoy! Este 12 de agosto, alrededor de las 18h00, en el Teatro de Artes Segundo Cueva Celi, se llevar\u00e1 a cabo el debate oficial entre los candidatos al Directorio de la CCE \u2013 N\u00facleo de Loja. Un espacio democr\u00e1tico que busca fortalecer la participaci\u00f3n ciudadana y permitir el conocimiento directo de las propuestas para el desarrollo cultural de la provincia.<\/p>\n<p>Para mayor informaci\u00f3n sobre los candidatos \ud83d\udc49 ingresa a https:\/\/casadelacultura.gob.ec\/postloja\/elecciones-2025\/<\/p>\n<p>\ud83c\udf10\u2705 S\u00edguenos en nuestra p\u00e1gina verificada: https:\/\/www.facebook.com\/lodelmomentolojaEC<\/p>\n<p>www.lodelmomentoloja.com<br \/>\n<a class=\"x1i10hfl xjbqb8w x1ejq31n x18oe1m7 x1sy0etr xstzfhl x972fbf x10w94by x1qhh985 x14e42zd x9f619 x1ypdohk xt0psk2 x3ct3a4 xdj266r x14z9mp xat24cr x1lziwak xexx8yu xyri2b x18d9i69 x1c1uobl x16tdsg8 x1hl2dhg xggy1nq x1a2a7pz  _aa9_ _a6hd\" tabindex=\"0\" role=\"link\" href=\"https:\/\/www.instagram.com\/explore\/tags\/ldmnoticias\/\">#LDMnoticias<\/a>\u00a0<a class=\"x1i10hfl xjbqb8w x1ejq31n x18oe1m7 x1sy0etr xstzfhl x972fbf x10w94by x1qhh985 x14e42zd x9f619 x1ypdohk xt0psk2 x3ct3a4 xdj266r x14z9mp xat24cr x1lziwak xexx8yu xyri2b x18d9i69 x1c1uobl x16tdsg8 x1hl2dhg xggy1nq x1a2a7pz  _aa9_ _a6hd\" tabindex=\"0\" role=\"link\" href=\"https:\/\/www.instagram.com\/explore\/tags\/lodelmomentolojaldm\/\">#lodelmomentolojaLDM<\/a><\/p>\n","protected":false},"excerpt":{"rendered":"<p>\ud83d\udcc5\ud83d\udde3\ufe0f\ud83e\udd1d \u00a1Es hoy, es hoy! Este 12 de agosto, alrededor de las 18h00, en el&#8230;<\/p>\n","protected":false},"author":1,"featured_media":27254,"comment_status":"open","ping_status":"open","sticky":false,"template":"","format":"standard","meta":{"footnotes":""},"categories":[7,1,5],"tags":[],"class_list":["post-27253","post","type-post","status-publish","format-standard","has-post-thumbnail","hentry","category-ecuador","category-inicio","category-loja"],"_links":{"self":[{"href":"https:\/\/www.lodelmomentoloja.com\/index.php?rest_route=\/wp\/v2\/posts\/27253"}],"collection":[{"href":"https:\/\/www.lodelmomentoloja.com\/index.php?rest_route=\/wp\/v2\/posts"}],"about":[{"href":"https:\/\/www.lodelmomentoloja.com\/index.php?rest_route=\/wp\/v2\/types\/post"}],"author":[{"embeddable":true,"href":"https:\/\/www.lodelmomentoloja.com\/index.php?rest_route=\/wp\/v2\/users\/1"}],"replies":[{"embeddable":true,"href":"https:\/\/www.lodelmomentoloja.com\/index.php?rest_route=%2Fwp%2Fv2%2Fcomments&post=27253"}],"version-history":[{"count":1,"href":"https:\/\/www.lodelmomentoloja.com\/index.php?rest_route=\/wp\/v2\/posts\/27253\/revisions"}],"predecessor-version":[{"id":27255,"href":"https:\/\/www.lodelmomentoloja.com\/index.php?rest_route=\/wp\/v2\/posts\/27253\/revisions\/27255"}],"wp:featuredmedia":[{"embeddable":true,"href":"https:\/\/www.lodelmomentoloja.com\/index.php?rest_route=\/wp\/v2\/media\/27254"}],"wp:attachment":[{"href":"https:\/\/www.lodelmomentoloja.com\/index.php?rest_route=%2Fwp%2Fv2%2Fmedia&parent=27253"}],"wp:term":[{"taxonomy":"category","embeddable":true,"href":"https:\/\/www.lodelmomentoloja.com\/index.php?rest_route=%2Fwp%2Fv2%2Fcategories&post=27253"},{"taxonomy":"post_tag","embeddable":true,"href":"https:\/\/www.lodelmomentoloja.com\/index.php?rest_route=%2Fwp%2Fv2%2Ftags&post=27253"}],"curies":[{"name":"wp","href":"https:\/\/api.w.org\/{rel}","templated":true}]}}