{"id":27247,"date":"2025-08-12T10:00:45","date_gmt":"2025-08-12T10:00:45","guid":{"rendered":"https:\/\/www.lodelmomentoloja.com\/?p=27247"},"modified":"2025-08-12T17:01:59","modified_gmt":"2025-08-12T17:01:59","slug":"rostros-de-jueces-son-expuestos-en-la-capital","status":"publish","type":"post","link":"https:\/\/www.lodelmomentoloja.com\/?p=27247","title":{"rendered":"ROSTROS DE JUECES SON EXPUESTOS EN LA CAPITAL"},"content":{"rendered":"<p>\ud83d\ude20\ud83d\udde3\ufe0f\ud83d\udc4a\ud83c\udffb\u00a1Contra la CC! El Gobierno de Daniel Noboa liderar\u00e1 una marcha contra la Corte Constitucional\u00a0del Ecuador este martes 12 de agosto de 2025, como respuesta al control del organismo a tres leyes impulsadas por el Ejecutivo, que fueron aprobadas recientemente en la Asamblea Nacional.\u00a0El pasado 6 de agosto, despu\u00e9s de que la Corte admiti\u00f3 a tr\u00e1mite varias demandas contra las leyes y suspendi\u00f3 la aplicaci\u00f3n de varios art\u00edculos, Noboa llam\u00f3 a la ciudadan\u00eda a marchar de forma pac\u00edfica hacia la sede del organismo, en la capital.<\/p>\n<p>En varios sectores se encuentran ubicados pancartas con las fotograf\u00edas de los nueve jueces de la CC, que suspendieron los art\u00edculos, con el lema &#8216;Estos son los jueces que nos est\u00e1n robando la paz&#8217;.<\/p>\n<p>\ud83c\udf10\u2705 S\u00edguenos en nuestra p\u00e1gina verificada: https:\/\/www.facebook.com\/lodelmomentolojaEC<\/p>\n<p>www.lodelmomentoloja.com<br \/>\n<a class=\"x1i10hfl xjbqb8w x1ejq31n x18oe1m7 x1sy0etr xstzfhl x972fbf x10w94by x1qhh985 x14e42zd x9f619 x1ypdohk xt0psk2 x3ct3a4 xdj266r x14z9mp xat24cr x1lziwak xexx8yu xyri2b x18d9i69 x1c1uobl x16tdsg8 x1hl2dhg xggy1nq x1a2a7pz  _aa9_ _a6hd\" tabindex=\"0\" role=\"link\" href=\"https:\/\/www.instagram.com\/explore\/tags\/ldmnoticias\/\">#LDMnoticias<\/a>\u00a0<a class=\"x1i10hfl xjbqb8w x1ejq31n x18oe1m7 x1sy0etr xstzfhl x972fbf x10w94by x1qhh985 x14e42zd x9f619 x1ypdohk xt0psk2 x3ct3a4 xdj266r x14z9mp xat24cr x1lziwak xexx8yu xyri2b x18d9i69 x1c1uobl x16tdsg8 x1hl2dhg xggy1nq x1a2a7pz  _aa9_ _a6hd\" tabindex=\"0\" role=\"link\" href=\"https:\/\/www.instagram.com\/explore\/tags\/lodelmomentolojaldm\/\">#lodelmomentolojaLDM<\/a><\/p>\n","protected":false},"excerpt":{"rendered":"<p>\ud83d\ude20\ud83d\udde3\ufe0f\ud83d\udc4a\ud83c\udffb\u00a1Contra la CC! El Gobierno de Daniel Noboa liderar\u00e1 una marcha contra la Corte Constitucional\u00a0del&#8230;<\/p>\n","protected":false},"author":1,"featured_media":27248,"comment_status":"open","ping_status":"open","sticky":false,"template":"","format":"standard","meta":{"footnotes":""},"categories":[7,1],"tags":[],"class_list":["post-27247","post","type-post","status-publish","format-standard","has-post-thumbnail","hentry","category-ecuador","category-inicio"],"_links":{"self":[{"href":"https:\/\/www.lodelmomentoloja.com\/index.php?rest_route=\/wp\/v2\/posts\/27247"}],"collection":[{"href":"https:\/\/www.lodelmomentoloja.com\/index.php?rest_route=\/wp\/v2\/posts"}],"about":[{"href":"https:\/\/www.lodelmomentoloja.com\/index.php?rest_route=\/wp\/v2\/types\/post"}],"author":[{"embeddable":true,"href":"https:\/\/www.lodelmomentoloja.com\/index.php?rest_route=\/wp\/v2\/users\/1"}],"replies":[{"embeddable":true,"href":"https:\/\/www.lodelmomentoloja.com\/index.php?rest_route=%2Fwp%2Fv2%2Fcomments&post=27247"}],"version-history":[{"count":1,"href":"https:\/\/www.lodelmomentoloja.com\/index.php?rest_route=\/wp\/v2\/posts\/27247\/revisions"}],"predecessor-version":[{"id":27249,"href":"https:\/\/www.lodelmomentoloja.com\/index.php?rest_route=\/wp\/v2\/posts\/27247\/revisions\/27249"}],"wp:featuredmedia":[{"embeddable":true,"href":"https:\/\/www.lodelmomentoloja.com\/index.php?rest_route=\/wp\/v2\/media\/27248"}],"wp:attachment":[{"href":"https:\/\/www.lodelmomentoloja.com\/index.php?rest_route=%2Fwp%2Fv2%2Fmedia&parent=27247"}],"wp:term":[{"taxonomy":"category","embeddable":true,"href":"https:\/\/www.lodelmomentoloja.com\/index.php?rest_route=%2Fwp%2Fv2%2Fcategories&post=27247"},{"taxonomy":"post_tag","embeddable":true,"href":"https:\/\/www.lodelmomentoloja.com\/index.php?rest_route=%2Fwp%2Fv2%2Ftags&post=27247"}],"curies":[{"name":"wp","href":"https:\/\/api.w.org\/{rel}","templated":true}]}}