{"id":27237,"date":"2025-08-08T16:53:27","date_gmt":"2025-08-08T16:53:27","guid":{"rendered":"https:\/\/www.lodelmomentoloja.com\/?p=27237"},"modified":"2025-08-08T21:55:33","modified_gmt":"2025-08-08T21:55:33","slug":"centro-de-formacion-sagrado-corazon-realiza-expo-belleza-2025-moda-y-arte-viva","status":"publish","type":"post","link":"https:\/\/www.lodelmomentoloja.com\/?p=27237","title":{"rendered":"Centro de Formaci\u00f3n Sagrado Coraz\u00f3n realiza Expo Belleza 2025 Moda y Arte Viva"},"content":{"rendered":"<p><img loading=\"lazy\" decoding=\"async\" class=\"wp-image-27239 aligncenter\" src=\"http:\/\/www.lodelmomentoloja.com\/wp-content\/uploads\/2025\/08\/VIDEO-VIVI-3-300x169.jpg\" alt=\"\" width=\"595\" height=\"335\" srcset=\"https:\/\/www.lodelmomentoloja.com\/wp-content\/uploads\/2025\/08\/VIDEO-VIVI-3-300x169.jpg 300w, https:\/\/www.lodelmomentoloja.com\/wp-content\/uploads\/2025\/08\/VIDEO-VIVI-3-1024x576.jpg 1024w, https:\/\/www.lodelmomentoloja.com\/wp-content\/uploads\/2025\/08\/VIDEO-VIVI-3-768x432.jpg 768w, https:\/\/www.lodelmomentoloja.com\/wp-content\/uploads\/2025\/08\/VIDEO-VIVI-3-640x360.jpg 640w, https:\/\/www.lodelmomentoloja.com\/wp-content\/uploads\/2025\/08\/VIDEO-VIVI-3-1536x864.jpg 1536w, https:\/\/www.lodelmomentoloja.com\/wp-content\/uploads\/2025\/08\/VIDEO-VIVI-3.jpg 1920w\" sizes=\"(max-width: 595px) 100vw, 595px\" \/><\/p>\n<p>\ud83d\udc85\ud83c\udffb\ud83d\ude0e\ud83d\udde3\ufe0f \u00a1Moda y pasarela! Con el objetivo de mostrar el conocimiento adquirido por los y las estudiantes del Centro de Formaci\u00f3n Artesanal Sagrado Coraz\u00f3n, se llev\u00f3 a cabo la Expo Belleza 2025, Moda y Arte Viva, una jornada donde los futuros profesionales muestran su talento.<\/p>\n<div style=\"width: 640px;\" class=\"wp-video\"><!--[if lt IE 9]><script>document.createElement('video');<\/script><![endif]-->\n<video class=\"wp-video-shortcode\" id=\"video-27237-1\" width=\"640\" height=\"360\" preload=\"metadata\" controls=\"controls\"><source type=\"video\/mp4\" src=\"http:\/\/www.lodelmomentoloja.com\/wp-content\/uploads\/2025\/08\/EXPOBELLEZA-2025-REDUCIDO.mp4?_=1\" \/><a href=\"http:\/\/www.lodelmomentoloja.com\/wp-content\/uploads\/2025\/08\/EXPOBELLEZA-2025-REDUCIDO.mp4\">http:\/\/www.lodelmomentoloja.com\/wp-content\/uploads\/2025\/08\/EXPOBELLEZA-2025-REDUCIDO.mp4<\/a><\/video><\/div>\n<p>Este evento tuvo lugar la tarde del jueves 07 de agosto en las instalaciones de la Casona Cultural y cont\u00f3 con la presencia de varias autoridades cantonales, as\u00ed como la asistencia de exalumnas del Centro de Formaci\u00f3n Artesanal quienes hoy en d\u00eda ya ejercen su profesi\u00f3n.<\/p>\n<p>Los alumnos presentaron sus conocimientos adquiridos en las carreras de Belleza, Barber\u00eda, Maquillaje, U\u00f1as y Corte y Confecci\u00f3n; la Expo Belleza es el escenario en donde demuestran el talento y creatividad adquirido en cada pr\u00e1ctica.<\/p>\n<p>Sagrado Coraz\u00f3n se prepara para un nuevo periodo acad\u00e9mico dando paso a la temporada de matr\u00edculas por el valor de $50. Para mayor informaci\u00f3n puedes visitarlos en sus instalaciones ubicadas en las calles Lauro Guerrero y Col\u00f3n junto a la helader\u00eda Ping\u00fcino o contactarte 0994191091, el inicio de clases es en septiembre.<\/p>\n<p>Noticia Completa \ud83d\udcf2: <a href=\"https:\/\/youtu.be\/ze-jadrEZhE\">https:\/\/youtu.be\/ze-jadrEZhE<\/a><\/p>\n<p>\ud83c\udf10\u2705 S\u00edguenos en nuestra p\u00e1gina verificada: https:\/\/www.facebook.com\/lodelmomentolojaEC<\/p>\n<p>www.lodelmomentoloja.com<br \/>\n#LDMnoticias #lodelmomentolojaLDM<\/p>\n","protected":false},"excerpt":{"rendered":"<p>\ud83d\udc85\ud83c\udffb\ud83d\ude0e\ud83d\udde3\ufe0f \u00a1Moda y pasarela! Con el objetivo de mostrar el conocimiento adquirido por los y&#8230;<\/p>\n","protected":false},"author":1,"featured_media":0,"comment_status":"open","ping_status":"open","sticky":false,"template":"","format":"standard","meta":{"footnotes":""},"categories":[7,1,5],"tags":[],"class_list":["post-27237","post","type-post","status-publish","format-standard","hentry","category-ecuador","category-inicio","category-loja"],"_links":{"self":[{"href":"https:\/\/www.lodelmomentoloja.com\/index.php?rest_route=\/wp\/v2\/posts\/27237"}],"collection":[{"href":"https:\/\/www.lodelmomentoloja.com\/index.php?rest_route=\/wp\/v2\/posts"}],"about":[{"href":"https:\/\/www.lodelmomentoloja.com\/index.php?rest_route=\/wp\/v2\/types\/post"}],"author":[{"embeddable":true,"href":"https:\/\/www.lodelmomentoloja.com\/index.php?rest_route=\/wp\/v2\/users\/1"}],"replies":[{"embeddable":true,"href":"https:\/\/www.lodelmomentoloja.com\/index.php?rest_route=%2Fwp%2Fv2%2Fcomments&post=27237"}],"version-history":[{"count":1,"href":"https:\/\/www.lodelmomentoloja.com\/index.php?rest_route=\/wp\/v2\/posts\/27237\/revisions"}],"predecessor-version":[{"id":27240,"href":"https:\/\/www.lodelmomentoloja.com\/index.php?rest_route=\/wp\/v2\/posts\/27237\/revisions\/27240"}],"wp:attachment":[{"href":"https:\/\/www.lodelmomentoloja.com\/index.php?rest_route=%2Fwp%2Fv2%2Fmedia&parent=27237"}],"wp:term":[{"taxonomy":"category","embeddable":true,"href":"https:\/\/www.lodelmomentoloja.com\/index.php?rest_route=%2Fwp%2Fv2%2Fcategories&post=27237"},{"taxonomy":"post_tag","embeddable":true,"href":"https:\/\/www.lodelmomentoloja.com\/index.php?rest_route=%2Fwp%2Fv2%2Ftags&post=27237"}],"curies":[{"name":"wp","href":"https:\/\/api.w.org\/{rel}","templated":true}]}}