{"id":27233,"date":"2025-08-08T16:49:07","date_gmt":"2025-08-08T16:49:07","guid":{"rendered":"https:\/\/www.lodelmomentoloja.com\/?p=27233"},"modified":"2025-08-08T21:52:58","modified_gmt":"2025-08-08T21:52:58","slug":"presunto-caso-de-3xt0rc1on-en-macara-se-viraliza-en-redes-sociales","status":"publish","type":"post","link":"https:\/\/www.lodelmomentoloja.com\/?p=27233","title":{"rendered":"Presunto caso de 3xt0rc1\u00f3n en Macar\u00e1 se viraliza en redes sociales"},"content":{"rendered":"<p><img loading=\"lazy\" decoding=\"async\" class=\"wp-image-27235 aligncenter\" src=\"http:\/\/www.lodelmomentoloja.com\/wp-content\/uploads\/2025\/08\/VIDEO-VIVI-1-300x169.jpg\" alt=\"\" width=\"536\" height=\"302\" srcset=\"https:\/\/www.lodelmomentoloja.com\/wp-content\/uploads\/2025\/08\/VIDEO-VIVI-1-300x169.jpg 300w, https:\/\/www.lodelmomentoloja.com\/wp-content\/uploads\/2025\/08\/VIDEO-VIVI-1-1024x576.jpg 1024w, https:\/\/www.lodelmomentoloja.com\/wp-content\/uploads\/2025\/08\/VIDEO-VIVI-1-768x432.jpg 768w, https:\/\/www.lodelmomentoloja.com\/wp-content\/uploads\/2025\/08\/VIDEO-VIVI-1-640x360.jpg 640w, https:\/\/www.lodelmomentoloja.com\/wp-content\/uploads\/2025\/08\/VIDEO-VIVI-1-1536x864.jpg 1536w, https:\/\/www.lodelmomentoloja.com\/wp-content\/uploads\/2025\/08\/VIDEO-VIVI-1.jpg 1920w\" sizes=\"(max-width: 536px) 100vw, 536px\" \/><\/p>\n<p>\ud83d\udea8\ud83e\udd2f\ud83d\udcf2 \u00a13xt0rs1\u00f3n y s3cv3str0! Un audio que ha comenzado a circular en redes sociales, desat\u00f3 p\u00e1nico y preocupaci\u00f3n en los ciudadanos del cant\u00f3n Macar\u00e1; el sospechoso, de quien se desconoce su identidad, 4m3n4z4r\u00ed4 a una ciudadana exigi\u00e9ndole realice un dep\u00f3sito de $300 aproximadamente, caso contrario las consecuencias ser\u00edan letales. Un hecho que se suma al registrado d\u00edas atr\u00e1s, cuando la Polic\u00eda Nacional desarticul\u00f3 a una banda de presuntos s3cv3str4dores que habr\u00edan solicitado USD 1.000 para la liberaci\u00f3n de su v\u00edctima.<\/p>\n<div style=\"width: 640px;\" class=\"wp-video\"><!--[if lt IE 9]><script>document.createElement('video');<\/script><![endif]-->\n<video class=\"wp-video-shortcode\" id=\"video-27233-1\" width=\"640\" height=\"360\" preload=\"metadata\" controls=\"controls\"><source type=\"video\/mp4\" src=\"http:\/\/www.lodelmomentoloja.com\/wp-content\/uploads\/2025\/08\/3XT0RS1_N-Y-S3CV3STR0-EN-MACAR_-REDUCIDO.mp4?_=1\" \/><a href=\"http:\/\/www.lodelmomentoloja.com\/wp-content\/uploads\/2025\/08\/3XT0RS1_N-Y-S3CV3STR0-EN-MACAR_-REDUCIDO.mp4\">http:\/\/www.lodelmomentoloja.com\/wp-content\/uploads\/2025\/08\/3XT0RS1_N-Y-S3CV3STR0-EN-MACAR_-REDUCIDO.mp4<\/a><\/video><\/div>\n<p>ciudadana que se dedicar\u00eda a actividades comerciales, exigi\u00e9ndole realice un dep\u00f3sito de $300 aproximadamente, caso contrario las consecuencias ser\u00edan letales.<\/p>\n<p>Aunque, de momento, no se ha comprobado el origen de audio, este caso encendi\u00f3 las alarmas en el cant\u00f3n fronterizo donde la d3l1ncv3nc14, d\u00eda a d\u00eda, gana m\u00e1s terreno generando preocupaci\u00f3n en los habitantes quienes esperan que las autoridades tomen las medidas necesarias para evitar casos similares.<\/p>\n<p>Cabe recordar que, d\u00edas atr\u00e1s, la Polic\u00eda Nacional llev\u00f3 a cabo el operativo rel\u00e1mpago en el cant\u00f3n Macar\u00e1, logrando desarticular a una banda de presuntos s3cv3str4d0r3s en el sector Santa Marianita. Seg\u00fan las autoridades, en ese lugar los sospechosos, manten\u00edan retenida a su v\u00edctima, un ciudadano extranjero, por quien, a trav\u00e9s de mensajes y llamadas 4t3m0r1z4nt3s enviados a sus familiares, habr\u00edan solicitado la cantidad de mil d\u00f3lares a cambio de su liberaci\u00f3n.<\/p>\n<p>Durante el operativo, los uniformados incautaron un veh\u00edculo que se presume fue utilizado para interceptar a la v\u00edctima y cinco tel\u00e9fonos celulares que forman parte de la investigaci\u00f3n. Por su parte, la Fiscal\u00eda General del Estado proces\u00f3 a los cinco implicados por el presunto d3l1t0 de s3cv3str0 3xt0rs1vo y, el juez a cargo del caso dict\u00f3 prisi\u00f3n preventiva.<\/p>\n<p>En lo que va del 2025, la provincia de Loja ha registrado al menos ocho casos se s3cv3str0 3xt0rs1v0 entre enero y julio, seg\u00fan los datos del Ministerio del Interior y reportes policiales.<\/p>\n<p>Noticia Completa \ud83d\udcf2: https:\/\/youtu.be\/4fCXe6KX5cw<\/p>\n<p>\ud83c\udf10\u2705 S\u00edguenos en nuestra p\u00e1gina verificada: https:\/\/www.facebook.com\/lodelmomentolojaEC<\/p>\n<p>www.lodelmomentoloja.com<br \/>\n#LDMnoticias #lodelmomentolojaLDM<\/p>\n","protected":false},"excerpt":{"rendered":"<p>\ud83d\udea8\ud83e\udd2f\ud83d\udcf2 \u00a13xt0rs1\u00f3n y s3cv3str0! Un audio que ha comenzado a circular en redes sociales, desat\u00f3&#8230;<\/p>\n","protected":false},"author":1,"featured_media":0,"comment_status":"open","ping_status":"open","sticky":false,"template":"","format":"standard","meta":{"footnotes":""},"categories":[7,1,5],"tags":[],"class_list":["post-27233","post","type-post","status-publish","format-standard","hentry","category-ecuador","category-inicio","category-loja"],"_links":{"self":[{"href":"https:\/\/www.lodelmomentoloja.com\/index.php?rest_route=\/wp\/v2\/posts\/27233"}],"collection":[{"href":"https:\/\/www.lodelmomentoloja.com\/index.php?rest_route=\/wp\/v2\/posts"}],"about":[{"href":"https:\/\/www.lodelmomentoloja.com\/index.php?rest_route=\/wp\/v2\/types\/post"}],"author":[{"embeddable":true,"href":"https:\/\/www.lodelmomentoloja.com\/index.php?rest_route=\/wp\/v2\/users\/1"}],"replies":[{"embeddable":true,"href":"https:\/\/www.lodelmomentoloja.com\/index.php?rest_route=%2Fwp%2Fv2%2Fcomments&post=27233"}],"version-history":[{"count":1,"href":"https:\/\/www.lodelmomentoloja.com\/index.php?rest_route=\/wp\/v2\/posts\/27233\/revisions"}],"predecessor-version":[{"id":27236,"href":"https:\/\/www.lodelmomentoloja.com\/index.php?rest_route=\/wp\/v2\/posts\/27233\/revisions\/27236"}],"wp:attachment":[{"href":"https:\/\/www.lodelmomentoloja.com\/index.php?rest_route=%2Fwp%2Fv2%2Fmedia&parent=27233"}],"wp:term":[{"taxonomy":"category","embeddable":true,"href":"https:\/\/www.lodelmomentoloja.com\/index.php?rest_route=%2Fwp%2Fv2%2Fcategories&post=27233"},{"taxonomy":"post_tag","embeddable":true,"href":"https:\/\/www.lodelmomentoloja.com\/index.php?rest_route=%2Fwp%2Fv2%2Ftags&post=27233"}],"curies":[{"name":"wp","href":"https:\/\/api.w.org\/{rel}","templated":true}]}}