{"id":27229,"date":"2025-08-08T15:20:02","date_gmt":"2025-08-08T15:20:02","guid":{"rendered":"https:\/\/www.lodelmomentoloja.com\/?p=27229"},"modified":"2025-08-08T21:20:57","modified_gmt":"2025-08-08T21:20:57","slug":"comandantes-de-las-ff-aa-de-colombia-ecuador-y-peru-se-unen-para-definir-estrategias-contra-el-crimen-organizado-fronterizo","status":"publish","type":"post","link":"https:\/\/www.lodelmomentoloja.com\/?p=27229","title":{"rendered":"COMANDANTES DE LAS FF.AA. DE COLOMBIA, ECUADOR Y PER\u00da SE UNEN PARA DEFINIR ESTRATEGIAS CONTRA EL CRIMEN ORGANIZADO FRONTERIZO"},"content":{"rendered":"<p>\ud83c\uddea\ud83c\udde8\ud83c\udde8\ud83c\uddf4\ud83c\uddf5\ud83c\uddea\u00a1Por primera vez! Los comandantes de las Fuerzas Armadas de Colombia, Ecuador y Per\u00fa mantuvieron el pasado 6 de agosto un encuentro en Puerto Legu\u00edzamo, departamento colombiano de Putumayo, para definir estrategias conjuntas contra el crimen organizado en la zona lim\u00edtrofe que comparten los tres pa\u00edses. Las Fuerzas Armadas de Ecuador calificaron la cita como \u201chist\u00f3rica\u201d, al ser la primera vez que se establecen \u00e1reas de inter\u00e9s comunes para combatir de forma coordinada a las estructuras armadas ilegales que operan en la regi\u00f3n.<\/p>\n<p>\ud83c\udf10\u2705 S\u00edguenos en nuestra p\u00e1gina verificada: https:\/\/www.facebook.com\/lodelmomentolojaEC<\/p>\n<p>www.lodelmomentoloja.com<br \/>\n<a class=\"x1i10hfl xjbqb8w x1ejq31n x18oe1m7 x1sy0etr xstzfhl x972fbf x10w94by x1qhh985 x14e42zd x9f619 x1ypdohk xt0psk2 xe8uvvx xdj266r x14z9mp xat24cr x1lziwak xexx8yu xyri2b x18d9i69 x1c1uobl x16tdsg8 x1hl2dhg xggy1nq x1a2a7pz  _aa9_ _a6hd\" tabindex=\"0\" role=\"link\" href=\"https:\/\/www.instagram.com\/explore\/tags\/ldmnoticias\/\">#LDMnoticias<\/a>\u00a0<a class=\"x1i10hfl xjbqb8w x1ejq31n x18oe1m7 x1sy0etr xstzfhl x972fbf x10w94by x1qhh985 x14e42zd x9f619 x1ypdohk xt0psk2 xe8uvvx xdj266r x14z9mp xat24cr x1lziwak xexx8yu xyri2b x18d9i69 x1c1uobl x16tdsg8 x1hl2dhg xggy1nq x1a2a7pz  _aa9_ _a6hd\" tabindex=\"0\" role=\"link\" href=\"https:\/\/www.instagram.com\/explore\/tags\/lodelmomentolojaldm\/\">#lodelmomentolojaLDM<\/a><\/p>\n","protected":false},"excerpt":{"rendered":"<p>\ud83c\uddea\ud83c\udde8\ud83c\udde8\ud83c\uddf4\ud83c\uddf5\ud83c\uddea\u00a1Por primera vez! Los comandantes de las Fuerzas Armadas de Colombia, Ecuador y Per\u00fa mantuvieron&#8230;<\/p>\n","protected":false},"author":1,"featured_media":27230,"comment_status":"open","ping_status":"open","sticky":false,"template":"","format":"standard","meta":{"footnotes":""},"categories":[7,1,4],"tags":[],"class_list":["post-27229","post","type-post","status-publish","format-standard","has-post-thumbnail","hentry","category-ecuador","category-inicio","category-internacional"],"_links":{"self":[{"href":"https:\/\/www.lodelmomentoloja.com\/index.php?rest_route=\/wp\/v2\/posts\/27229"}],"collection":[{"href":"https:\/\/www.lodelmomentoloja.com\/index.php?rest_route=\/wp\/v2\/posts"}],"about":[{"href":"https:\/\/www.lodelmomentoloja.com\/index.php?rest_route=\/wp\/v2\/types\/post"}],"author":[{"embeddable":true,"href":"https:\/\/www.lodelmomentoloja.com\/index.php?rest_route=\/wp\/v2\/users\/1"}],"replies":[{"embeddable":true,"href":"https:\/\/www.lodelmomentoloja.com\/index.php?rest_route=%2Fwp%2Fv2%2Fcomments&post=27229"}],"version-history":[{"count":1,"href":"https:\/\/www.lodelmomentoloja.com\/index.php?rest_route=\/wp\/v2\/posts\/27229\/revisions"}],"predecessor-version":[{"id":27231,"href":"https:\/\/www.lodelmomentoloja.com\/index.php?rest_route=\/wp\/v2\/posts\/27229\/revisions\/27231"}],"wp:featuredmedia":[{"embeddable":true,"href":"https:\/\/www.lodelmomentoloja.com\/index.php?rest_route=\/wp\/v2\/media\/27230"}],"wp:attachment":[{"href":"https:\/\/www.lodelmomentoloja.com\/index.php?rest_route=%2Fwp%2Fv2%2Fmedia&parent=27229"}],"wp:term":[{"taxonomy":"category","embeddable":true,"href":"https:\/\/www.lodelmomentoloja.com\/index.php?rest_route=%2Fwp%2Fv2%2Fcategories&post=27229"},{"taxonomy":"post_tag","embeddable":true,"href":"https:\/\/www.lodelmomentoloja.com\/index.php?rest_route=%2Fwp%2Fv2%2Ftags&post=27229"}],"curies":[{"name":"wp","href":"https:\/\/api.w.org\/{rel}","templated":true}]}}