{"id":27210,"date":"2025-08-08T08:30:17","date_gmt":"2025-08-08T08:30:17","guid":{"rendered":"https:\/\/www.lodelmomentoloja.com\/?p=27210"},"modified":"2025-08-08T13:55:26","modified_gmt":"2025-08-08T13:55:26","slug":"ecuador-concreto-la-primera-exportacion-de-leche-entera-y-descremada-hacia-el-salvador","status":"publish","type":"post","link":"https:\/\/www.lodelmomentoloja.com\/?p=27210","title":{"rendered":"ECUADOR CONCRET\u00d3 LA PRIMERA EXPORTACI\u00d3N DE LECHE ENTERA Y DESCREMADA HACIA EL SALVADOR."},"content":{"rendered":"<p>\ud83c\uddea\ud83c\udde8\ud83e\udd1d\ud83c\udffb\ud83c\uddf8\ud83c\uddfb\u00a1Por primera vez! Ecuador concret\u00f3 su primera exportaci\u00f3n de leche entera y descremada hacia El Salvador el pasado 07 de agosto. As\u00ed lo anunci\u00f3 ProEcuador a trav\u00e9s de su cuenta oficial en la red social X y se tratar\u00eda de un nuevo paso en la diversificaci\u00f3n de destinos para productos nacionales. Este env\u00edo marca un hito para el sector l\u00e1cteo nacional, con potencial de crecimiento en la regi\u00f3n. ProEcuador se\u00f1al\u00f3 que continuar\u00e1 impulsando la presencia de productos ecuatorianos en el exterior. Se espera que esta apertura beneficie a productores y dinamice la econom\u00eda rural.<\/p>\n<p>\ud83c\udf10\u2705 S\u00edguenos en nuestra p\u00e1gina verificada: https:\/\/www.facebook.com\/lodelmomentolojaEC<\/p>\n<p>www.lodelmomentoloja.com<br \/>\n#LDMnoticias #lodelmomentolojaLDM<\/p>\n","protected":false},"excerpt":{"rendered":"<p>\ud83c\uddea\ud83c\udde8\ud83e\udd1d\ud83c\udffb\ud83c\uddf8\ud83c\uddfb\u00a1Por primera vez! Ecuador concret\u00f3 su primera exportaci\u00f3n de leche entera y descremada hacia El&#8230;<\/p>\n","protected":false},"author":1,"featured_media":27211,"comment_status":"open","ping_status":"open","sticky":false,"template":"","format":"standard","meta":{"footnotes":""},"categories":[7,1,5],"tags":[],"class_list":["post-27210","post","type-post","status-publish","format-standard","has-post-thumbnail","hentry","category-ecuador","category-inicio","category-loja"],"_links":{"self":[{"href":"https:\/\/www.lodelmomentoloja.com\/index.php?rest_route=\/wp\/v2\/posts\/27210"}],"collection":[{"href":"https:\/\/www.lodelmomentoloja.com\/index.php?rest_route=\/wp\/v2\/posts"}],"about":[{"href":"https:\/\/www.lodelmomentoloja.com\/index.php?rest_route=\/wp\/v2\/types\/post"}],"author":[{"embeddable":true,"href":"https:\/\/www.lodelmomentoloja.com\/index.php?rest_route=\/wp\/v2\/users\/1"}],"replies":[{"embeddable":true,"href":"https:\/\/www.lodelmomentoloja.com\/index.php?rest_route=%2Fwp%2Fv2%2Fcomments&post=27210"}],"version-history":[{"count":1,"href":"https:\/\/www.lodelmomentoloja.com\/index.php?rest_route=\/wp\/v2\/posts\/27210\/revisions"}],"predecessor-version":[{"id":27212,"href":"https:\/\/www.lodelmomentoloja.com\/index.php?rest_route=\/wp\/v2\/posts\/27210\/revisions\/27212"}],"wp:featuredmedia":[{"embeddable":true,"href":"https:\/\/www.lodelmomentoloja.com\/index.php?rest_route=\/wp\/v2\/media\/27211"}],"wp:attachment":[{"href":"https:\/\/www.lodelmomentoloja.com\/index.php?rest_route=%2Fwp%2Fv2%2Fmedia&parent=27210"}],"wp:term":[{"taxonomy":"category","embeddable":true,"href":"https:\/\/www.lodelmomentoloja.com\/index.php?rest_route=%2Fwp%2Fv2%2Fcategories&post=27210"},{"taxonomy":"post_tag","embeddable":true,"href":"https:\/\/www.lodelmomentoloja.com\/index.php?rest_route=%2Fwp%2Fv2%2Ftags&post=27210"}],"curies":[{"name":"wp","href":"https:\/\/api.w.org\/{rel}","templated":true}]}}