{"id":27201,"date":"2025-08-07T10:25:55","date_gmt":"2025-08-07T10:25:55","guid":{"rendered":"https:\/\/www.lodelmomentoloja.com\/?p=27201"},"modified":"2025-08-07T15:27:23","modified_gmt":"2025-08-07T15:27:23","slug":"preso-colombiano-fue-recapturado-en-quito-solo-11-dias-despues-de-su-deportacion","status":"publish","type":"post","link":"https:\/\/www.lodelmomentoloja.com\/?p=27201","title":{"rendered":"Preso colombiano, fue recapturado en Quito, solo 11 d\u00edas despu\u00e9s de su deportaci\u00f3n"},"content":{"rendered":"<p>\ud83d\ude31\ud83d\udea8\ud83d\ude94\u00a1Incre\u00edble, pero cierto! A tan solo 11 d\u00edas de haber sido deportado de Ecuador, un preso colombiano fue recapturado en el Centro Hist\u00f3rico de Quito, pese a que ten\u00eda prohibido regresar al pa\u00eds durante 40 a\u00f1os. El sujeto extranjero hab\u00eda sido parte del primer grupo de privados de libertad expulsados, quienes salieron de las c\u00e1rceles ecuatorianas y fueron entregados a las autoridades migratorias de Colombia en el Puente Internacional de Rumichaca, en Carchi. Pese a que el Ministro del Interior, John Reimberg asegur\u00f3 que se reforzar\u00eda la seguridad en la frontera norte para evitar reingresos irregulares, este caso confirma que ya hubo una primera vulneraci\u00f3n.<\/p>\n<p>\ud83c\udf10\u2705 S\u00edguenos en nuestra p\u00e1gina verificada: https:\/\/www.facebook.com\/lodelmomentolojaEC<\/p>\n<p>www.lodelmomentoloja.com<br \/>\n<a class=\"x1i10hfl xjbqb8w x1ejq31n x18oe1m7 x1sy0etr xstzfhl x972fbf x10w94by x1qhh985 x14e42zd x9f619 x1ypdohk xt0psk2 xe8uvvx xdj266r x14z9mp xat24cr x1lziwak xexx8yu xyri2b x18d9i69 x1c1uobl x16tdsg8 x1hl2dhg xggy1nq x1a2a7pz  _aa9_ _a6hd\" tabindex=\"0\" role=\"link\" href=\"https:\/\/www.instagram.com\/explore\/tags\/ldmnoticias\/\">#LDMnoticias<\/a>\u00a0<a class=\"x1i10hfl xjbqb8w x1ejq31n x18oe1m7 x1sy0etr xstzfhl x972fbf x10w94by x1qhh985 x14e42zd x9f619 x1ypdohk xt0psk2 xe8uvvx xdj266r x14z9mp xat24cr x1lziwak xexx8yu xyri2b x18d9i69 x1c1uobl x16tdsg8 x1hl2dhg xggy1nq x1a2a7pz  _aa9_ _a6hd\" tabindex=\"0\" role=\"link\" href=\"https:\/\/www.instagram.com\/explore\/tags\/lodelmomentolojaldm\/\">#lodelmomentolojaLDM<\/a><\/p>\n","protected":false},"excerpt":{"rendered":"<p>\ud83d\ude31\ud83d\udea8\ud83d\ude94\u00a1Incre\u00edble, pero cierto! A tan solo 11 d\u00edas de haber sido deportado de Ecuador, un&#8230;<\/p>\n","protected":false},"author":1,"featured_media":27202,"comment_status":"open","ping_status":"open","sticky":false,"template":"","format":"standard","meta":{"footnotes":""},"categories":[7,1,4],"tags":[],"class_list":["post-27201","post","type-post","status-publish","format-standard","has-post-thumbnail","hentry","category-ecuador","category-inicio","category-internacional"],"_links":{"self":[{"href":"https:\/\/www.lodelmomentoloja.com\/index.php?rest_route=\/wp\/v2\/posts\/27201"}],"collection":[{"href":"https:\/\/www.lodelmomentoloja.com\/index.php?rest_route=\/wp\/v2\/posts"}],"about":[{"href":"https:\/\/www.lodelmomentoloja.com\/index.php?rest_route=\/wp\/v2\/types\/post"}],"author":[{"embeddable":true,"href":"https:\/\/www.lodelmomentoloja.com\/index.php?rest_route=\/wp\/v2\/users\/1"}],"replies":[{"embeddable":true,"href":"https:\/\/www.lodelmomentoloja.com\/index.php?rest_route=%2Fwp%2Fv2%2Fcomments&post=27201"}],"version-history":[{"count":1,"href":"https:\/\/www.lodelmomentoloja.com\/index.php?rest_route=\/wp\/v2\/posts\/27201\/revisions"}],"predecessor-version":[{"id":27203,"href":"https:\/\/www.lodelmomentoloja.com\/index.php?rest_route=\/wp\/v2\/posts\/27201\/revisions\/27203"}],"wp:featuredmedia":[{"embeddable":true,"href":"https:\/\/www.lodelmomentoloja.com\/index.php?rest_route=\/wp\/v2\/media\/27202"}],"wp:attachment":[{"href":"https:\/\/www.lodelmomentoloja.com\/index.php?rest_route=%2Fwp%2Fv2%2Fmedia&parent=27201"}],"wp:term":[{"taxonomy":"category","embeddable":true,"href":"https:\/\/www.lodelmomentoloja.com\/index.php?rest_route=%2Fwp%2Fv2%2Fcategories&post=27201"},{"taxonomy":"post_tag","embeddable":true,"href":"https:\/\/www.lodelmomentoloja.com\/index.php?rest_route=%2Fwp%2Fv2%2Ftags&post=27201"}],"curies":[{"name":"wp","href":"https:\/\/api.w.org\/{rel}","templated":true}]}}