{"id":27187,"date":"2025-08-06T14:06:49","date_gmt":"2025-08-06T14:06:49","guid":{"rendered":"https:\/\/www.lodelmomentoloja.com\/?p=27187"},"modified":"2025-08-06T19:15:16","modified_gmt":"2025-08-06T19:15:16","slug":"prefectura-de-loja-contrata-publicidad-en-medio-de-la-falta-de-recursos","status":"publish","type":"post","link":"https:\/\/www.lodelmomentoloja.com\/?p=27187","title":{"rendered":"Prefectura de Loja contrata publicidad en medio de la falta de recursos"},"content":{"rendered":"<p><img loading=\"lazy\" decoding=\"async\" class=\"wp-image-27189 aligncenter\" src=\"http:\/\/www.lodelmomentoloja.com\/wp-content\/uploads\/2025\/08\/WhatsApp-Image-2025-08-06-at-1.59.00-PM-1-300x169.jpeg\" alt=\"\" width=\"509\" height=\"287\" srcset=\"https:\/\/www.lodelmomentoloja.com\/wp-content\/uploads\/2025\/08\/WhatsApp-Image-2025-08-06-at-1.59.00-PM-1-300x169.jpeg 300w, https:\/\/www.lodelmomentoloja.com\/wp-content\/uploads\/2025\/08\/WhatsApp-Image-2025-08-06-at-1.59.00-PM-1-1024x576.jpeg 1024w, https:\/\/www.lodelmomentoloja.com\/wp-content\/uploads\/2025\/08\/WhatsApp-Image-2025-08-06-at-1.59.00-PM-1-768x432.jpeg 768w, https:\/\/www.lodelmomentoloja.com\/wp-content\/uploads\/2025\/08\/WhatsApp-Image-2025-08-06-at-1.59.00-PM-1-640x360.jpeg 640w, https:\/\/www.lodelmomentoloja.com\/wp-content\/uploads\/2025\/08\/WhatsApp-Image-2025-08-06-at-1.59.00-PM-1-1536x864.jpeg 1536w, https:\/\/www.lodelmomentoloja.com\/wp-content\/uploads\/2025\/08\/WhatsApp-Image-2025-08-06-at-1.59.00-PM-1.jpeg 1600w\" sizes=\"(max-width: 509px) 100vw, 509px\" \/><\/p>\n<p>Pese a la falta de recursos en Loja, las pautas publicitarias son una prioridad para la Prefectura, sobre todo, cuando las cr\u00edticas de la prensa, est\u00e1n de por medio<\/p>\n<p>Durante la \u00faltima semana del mes de julio de 2025, la administraci\u00f3n del prefecto Mario M4nc1no fue blanco de las cr\u00edticas por parte de un medio televisivo y radial de la localidad, por un contrato con una empresa cuenca para publicidad en redes sociales ayudando a que Mancino obtenga la mayor cantidad de likes y reproducciones posibles por un lapso de tres meses para lo cual se destin\u00f3 un total de USD 25.049,84.<\/p>\n<div style=\"width: 640px;\" class=\"wp-video\"><!--[if lt IE 9]><script>document.createElement('video');<\/script><![endif]-->\n<video class=\"wp-video-shortcode\" id=\"video-27187-1\" width=\"640\" height=\"360\" preload=\"metadata\" controls=\"controls\"><source type=\"video\/mp4\" src=\"http:\/\/www.lodelmomentoloja.com\/wp-content\/uploads\/2025\/08\/PAUTA-PUBLICITARIA-DE-LA-PREFECTURA-REDUCIDO.mp4?_=1\" \/><a href=\"http:\/\/www.lodelmomentoloja.com\/wp-content\/uploads\/2025\/08\/PAUTA-PUBLICITARIA-DE-LA-PREFECTURA-REDUCIDO.mp4\">http:\/\/www.lodelmomentoloja.com\/wp-content\/uploads\/2025\/08\/PAUTA-PUBLICITARIA-DE-LA-PREFECTURA-REDUCIDO.mp4<\/a><\/video><\/div>\n<p>No obstante, estas acusaciones no fueron bien recibidas por el prefecto de Loja y, de forma inmediata, en tan solo dos d\u00edas se levantaron procesos de contrataci\u00f3n para publicidad los cuales fueron publicados en el portal de compras p\u00fablicas bajo la modalidad de r\u00e9gimen especial, por un valor de USD 10.905,36 de los cuales USD 2.506,80 para el informativo de la tarde y USD 8.398,56 para el noticiero de la ma\u00f1ana con Freddy Aponte de Radio Bakana, un proceso que, en la actualidad, se encuentra en la fase de recepci\u00f3n de propuestas; un escenario similar ocurri\u00f3 con la cadena ECOTEL TV por un monto de USD 11.944,08, contrato que ya fue adjudicado.<\/p>\n<p>Lo ir\u00f3nico es que estos despilfarros de dinero se dan en medio de los problemas econ\u00f3micos que atraviesa el Gobierno Provincial, ya que, desde el \u00e1rea financiera y con el visto bueno de la autoridad, hace aproximadamente tres meses, en mayo de 2025, mencionaban que la falta de liquidez compromet\u00eda la operatividad de la instituci\u00f3n responsabilizando, incluso, al Gobierno de Noboa por la falta de transferencias de los recursos.<\/p>\n<p>Una estrategia que, para muchos, no sorprende, puesto el prefecto M4nc1n0 estar\u00eda replicando el mismo patr\u00f3n de su antecesor Rafael D\u00e1v1l4 quien tambi\u00e9n fue cuestionado por, aparentemente, haber utilizado m\u00e9todos similares.<\/p>\n<p>Pese a que estos contratos pondr\u00edan en tela de duda cual es el verdadero estado financiero de la Prefectura, la ciudadan\u00eda tiene la \u00faltima palabra.<\/p>\n<p>Noticia Completa \ud83d\udcf2:\u00a0<a href=\"https:\/\/youtu.be\/1GJRfEtYjdU\">https:\/\/youtu.be\/1GJRfEtYjdU<\/a><\/p>\n<p>\ud83c\udf10\u2705 S\u00edguenos en nuestra p\u00e1gina verificada: https:\/\/www.facebook.com\/lodelmomentolojaEC<\/p>\n<p>www.lodelmomentoloja.com<br \/>\n#LDMnoticias #lodelmomentolojaLDM<\/p>\n","protected":false},"excerpt":{"rendered":"<p>Pese a la falta de recursos en Loja, las pautas publicitarias son una prioridad para&#8230;<\/p>\n","protected":false},"author":1,"featured_media":0,"comment_status":"open","ping_status":"open","sticky":false,"template":"","format":"standard","meta":{"footnotes":""},"categories":[7,1,5],"tags":[],"class_list":["post-27187","post","type-post","status-publish","format-standard","hentry","category-ecuador","category-inicio","category-loja"],"_links":{"self":[{"href":"https:\/\/www.lodelmomentoloja.com\/index.php?rest_route=\/wp\/v2\/posts\/27187"}],"collection":[{"href":"https:\/\/www.lodelmomentoloja.com\/index.php?rest_route=\/wp\/v2\/posts"}],"about":[{"href":"https:\/\/www.lodelmomentoloja.com\/index.php?rest_route=\/wp\/v2\/types\/post"}],"author":[{"embeddable":true,"href":"https:\/\/www.lodelmomentoloja.com\/index.php?rest_route=\/wp\/v2\/users\/1"}],"replies":[{"embeddable":true,"href":"https:\/\/www.lodelmomentoloja.com\/index.php?rest_route=%2Fwp%2Fv2%2Fcomments&post=27187"}],"version-history":[{"count":1,"href":"https:\/\/www.lodelmomentoloja.com\/index.php?rest_route=\/wp\/v2\/posts\/27187\/revisions"}],"predecessor-version":[{"id":27190,"href":"https:\/\/www.lodelmomentoloja.com\/index.php?rest_route=\/wp\/v2\/posts\/27187\/revisions\/27190"}],"wp:attachment":[{"href":"https:\/\/www.lodelmomentoloja.com\/index.php?rest_route=%2Fwp%2Fv2%2Fmedia&parent=27187"}],"wp:term":[{"taxonomy":"category","embeddable":true,"href":"https:\/\/www.lodelmomentoloja.com\/index.php?rest_route=%2Fwp%2Fv2%2Fcategories&post=27187"},{"taxonomy":"post_tag","embeddable":true,"href":"https:\/\/www.lodelmomentoloja.com\/index.php?rest_route=%2Fwp%2Fv2%2Ftags&post=27187"}],"curies":[{"name":"wp","href":"https:\/\/api.w.org\/{rel}","templated":true}]}}